{"id":7176,"date":"2025-03-06T13:39:39","date_gmt":"2025-03-06T12:39:39","guid":{"rendered":"https:\/\/metamorfica.info\/?p=7176"},"modified":"2025-03-06T13:58:13","modified_gmt":"2025-03-06T12:58:13","slug":"hemos-perdido-el-norte","status":"publish","type":"post","link":"https:\/\/metamorfica.info\/index.php\/2025\/03\/06\/hemos-perdido-el-norte\/","title":{"rendered":"\u00bfHEMOS PERDIDO EL NORTE?"},"content":{"rendered":"<p>SOSTENIBILIDAD&#8230; Esa palabra que funciona como br\u00fajula indic\u00e1ndonos el buen camino.<\/p>\n<p>El concepto fue acu\u00f1ado por un economista; Hans Carlowitz en 1713, en referencia a la industria maderera y a como gestionar los bosques de manera que la madera no se agotara, en un momento en el que la deforestaci\u00f3n europea empezaba a manifestarse. En aquel entonces no era m\u00e1s que un c\u00e1lculo con el que se obten\u00eda la tasa de tala necesaria para que el bosque se pudiera recuperar, sin tener otros factores medioambientales en cuenta. M\u00e1s adelante, que algo fuera sostenible englobaba a tres \u00e1mbitos diferentes; el econ\u00f3mico, el social y el medioambiental. Y con eso, ya ten\u00edamos la receta m\u00e1gica para crear un futuro mejor&#8230; Si no fuera, porque como sucede hasta el momento con todas las falsas soluciones, eso no implicaba cambiar nuestro sistema productivo y financiero.<\/p>\n<p>Y es que \u00e9ste t\u00e9rmino no surgi\u00f3 de una preocupaci\u00f3n real por el devenir humano y medioambiental, sino m\u00e1s bien como una respuesta desde el sistema econ\u00f3mico imperante para lograr que todo siguiera igual tras la publicaci\u00f3n del Informe sobre los L\u00edmites Planetario del MIT en 1971, en el que se pon\u00eda en entredicho el concepto de crecimiento perpet\u00fao analizando el estado presente de los recursos del planeta y haciendo una estimaci\u00f3n (muy acertada que podemos comprobar hoy en d\u00eda) a futuro. En ese momento, en plena guerra fr\u00eda, frenar las pol\u00edticas de crecimiento econ\u00f3mico no ser\u00eda negociable, nadie quer\u00eda bajarse del carro, dejar de ganar y ponerse a pensar en el largo plazo y en los que vendr\u00edan detr\u00e1s. Todo lo contrario, imperaba la idea de que el desarrollo era la respuesta a los problemas sociales y medioambientales.<\/p>\n<p>Es aqu\u00ed donde surge el t\u00e9rmino que hoy conocemos como Desarrollo Sostenible, donde se consigui\u00f3 seguir con la idea de que se pod\u00eda seguir creciendo infinitamente, eso s\u00ed, siempre que ese crecimiento fuera \u00absostenible\u00bb. As\u00ed surge la definici\u00f3n que a todas nos suena: \u00abSatisfacer las necesidades de las generaciones presentes sin comprometer las posibilidades de las generaciones futuras para atender sus propias necesidades\u00bb. Pero \u00bfc\u00f3mo? C\u00f3mo se iba a medir que algo compromet\u00eda las necesidades futuras si en paralelo surge el tecno-optimismo, que garantiza que a futuro siempre habr\u00e1 avances tecnol\u00f3gicos que permitir\u00e1 a esas generaciones disfrutar de recursos que en nuestro presente eran y son inaccesibles. Y efectivamente, cuando los recursos escasean aparecen nuevas tecnolog\u00eda y pr\u00e1cticas, como el \u00abfracking\u00bb. Pr\u00e1cticas que a la larga termina demostr\u00e1ndose que no pueden resolver problemas de accesibilidad sin generar otros problemas medioambientales que se suman a la larga lista de los ya tenemos (m\u00e1s contaminaci\u00f3n, m\u00e1s degradaci\u00f3n de ecosistemas, p\u00e9rdida de biodiversidad, emisi\u00f3n de sustancias qu\u00edmicas de las que no se conoce su impacto a futuro, etc)<\/p>\n<p>Y as\u00ed hemos pasado los \u00faltimos siglos, actuando sin cambiar mucho porque ya en el futuro algo aparecer\u00e1 que resuelva el problema. Sumado tambi\u00e9n a la idea de que cuanto m\u00e1s se desarrolla una civilizaci\u00f3n y m\u00e1s desarrollo econ\u00f3mico presenta, su impacto medioambiental es menor. Y eso es cierto, porque consigue la suma econ\u00f3mica suficiente y el posicionamiento frente a otras naciones para externalizar todo su impacto a los pa\u00edses menos desarrollados que les proveen de recursos y mano de obra barata y sumideros de su basura.<\/p>\n<h3 style=\"text-align: center;\"><strong>LA SOSTENIBILIDAD NO FUNCIONA Y ES MOMENTO DE QUE DEJE DE SER NUESTRA BR\u00daJULA.<\/strong><\/h3>\n<p>La industria saca productos a diario bajo el lema de la sostenibilidad, perpetuando as\u00ed un modelo de vida ego\u00edsta respecto de sociedades que se han\u00a0 desarrollado menos y para la vida de las generaciones futuras tambi\u00e9n. Seguimos siendo cortoplacistas en nuestra forma de pensar, actuar e incluso de relacionarnos entre nosotros.<\/p>\n<p>LLEGA EL MOMENTO DE RECALIBRAR LA BR\u00daJULA NO HACIA UN DESARROLLO SOSTENIBLE, SINO HACIA UN <strong>BUEN VIVIR, <\/strong>donde el PIB no determine el nivel de bienestar, sino que lo sea la accesibilidad a los servicios b\u00e1sicos, el disfrute del tiempo libre, el acceso a alimentos sanos, la redistribuci\u00f3n de la riqueza y desvincular el trabajo como la \u00fanica v\u00eda de vivir una vida plena.<\/p>\n<h3 style=\"text-align: center;\"><strong>En palabras de Andreu Escriv\u00e0: \u00abGarantizar las condiciones estructurales necesarias para la elecci\u00f3n en libertad de nuestro camino vital, pese a que algunos se afanen en asimilar, err\u00f3nea e interesadamente, capitalismo y libertad.<\/strong><\/h3>\n<p>Si te ha interesado la reflexi\u00f3n, contin\u00faa leyendo el libro <strong>Contra la Sostenibilidad<\/strong>, del mismo autor que la frase de arriba. Tambi\u00e9n puedes escucharte este podcast de Carne Cruda donde le entrevistan y resume algunas de las ideas que plantea en el libro.<\/p>\n<p style=\"text-align: center;\"><a href=\"https:\/\/www.youtube.com\/watch?v=Mv5DzvS_zIA\">ENLACE AL PODCAST<\/a><\/p>\n<p>&nbsp;<\/p>\n","protected":false},"excerpt":{"rendered":"<p>SOSTENIBILIDAD&#8230; Esa palabra que funciona como br\u00fajula indic\u00e1ndonos el buen camino. El concepto fue acu\u00f1ado por un economista; Hans Carlowitz en 1713, en referencia a [&hellip;]<\/p>\n","protected":false},"author":2,"featured_media":7177,"comment_status":"open","ping_status":"open","sticky":false,"template":"","format":"standard","meta":{"_bbp_topic_count":0,"_bbp_reply_count":0,"_bbp_total_topic_count":0,"_bbp_total_reply_count":0,"_bbp_voice_count":0,"_bbp_anonymous_reply_count":0,"_bbp_topic_count_hidden":0,"_bbp_reply_count_hidden":0,"_bbp_forum_subforum_count":0,"footnotes":""},"categories":[1],"tags":[168,172,170,67,171,122],"class_list":["post-7176","post","type-post","status-publish","format-standard","has-post-thumbnail","hentry","category-sin-categoria","tag-accion-climatica","tag-calentamiento-global","tag-capitalismo-verde","tag-crisis-climatica","tag-desarrollo-sostenible","tag-sostenibilidad"],"yoast_head":"<!-- This site is optimized with the Yoast SEO plugin v23.9 - https:\/\/yoast.com\/wordpress\/plugins\/seo\/ -->\n<title>\u00bfHEMOS PERDIDO EL NORTE? - Metam\u00f3rfica<\/title>\n<meta name=\"robots\" content=\"index, follow, max-snippet:-1, max-image-preview:large, max-video-preview:-1\" \/>\n<link rel=\"canonical\" href=\"https:\/\/metamorfica.info\/index.php\/2025\/03\/06\/hemos-perdido-el-norte\/\" \/>\n<meta property=\"og:locale\" content=\"es_ES\" \/>\n<meta property=\"og:type\" content=\"article\" \/>\n<meta property=\"og:title\" content=\"\u00bfHEMOS PERDIDO EL NORTE? - Metam\u00f3rfica\" \/>\n<meta property=\"og:description\" content=\"SOSTENIBILIDAD&#8230; Esa palabra que funciona como br\u00fajula indic\u00e1ndonos el buen camino. El concepto fue acu\u00f1ado por un economista; Hans Carlowitz en 1713, en referencia a [&hellip;]\" \/>\n<meta property=\"og:url\" content=\"https:\/\/metamorfica.info\/index.php\/2025\/03\/06\/hemos-perdido-el-norte\/\" \/>\n<meta property=\"og:site_name\" content=\"Metam\u00f3rfica\" \/>\n<meta property=\"article:published_time\" content=\"2025-03-06T12:39:39+00:00\" \/>\n<meta property=\"article:modified_time\" content=\"2025-03-06T12:58:13+00:00\" \/>\n<meta property=\"og:image\" content=\"https:\/\/metamorfica.info\/wp-content\/uploads\/2025\/03\/SOSTENIBILIDAD.jpg\" \/>\n\t<meta property=\"og:image:width\" content=\"726\" \/>\n\t<meta property=\"og:image:height\" content=\"404\" \/>\n\t<meta property=\"og:image:type\" content=\"image\/jpeg\" \/>\n<meta name=\"author\" content=\"Carolina\" \/>\n<meta name=\"twitter:card\" content=\"summary_large_image\" \/>\n<meta name=\"twitter:creator\" content=\"@Carolinametamorfica\" \/>\n<meta name=\"twitter:site\" content=\"@Carolinametamorfica\" \/>\n<meta name=\"twitter:label1\" content=\"Escrito por\" \/>\n\t<meta name=\"twitter:data1\" content=\"Carolina\" \/>\n\t<meta name=\"twitter:label2\" content=\"Tiempo de lectura\" \/>\n\t<meta name=\"twitter:data2\" content=\"4 minutos\" \/>\n<script type=\"application\/ld+json\" class=\"yoast-schema-graph\">{\"@context\":\"https:\/\/schema.org\",\"@graph\":[{\"@type\":\"Article\",\"@id\":\"https:\/\/metamorfica.info\/index.php\/2025\/03\/06\/hemos-perdido-el-norte\/#article\",\"isPartOf\":{\"@id\":\"https:\/\/metamorfica.info\/index.php\/2025\/03\/06\/hemos-perdido-el-norte\/\"},\"author\":{\"name\":\"Carolina\",\"@id\":\"https:\/\/metamorfica.info\/#\/schema\/person\/80b1d759d3d5c01d4073b6a361fde0d4\"},\"headline\":\"\u00bfHEMOS PERDIDO EL NORTE?\",\"datePublished\":\"2025-03-06T12:39:39+00:00\",\"dateModified\":\"2025-03-06T12:58:13+00:00\",\"mainEntityOfPage\":{\"@id\":\"https:\/\/metamorfica.info\/index.php\/2025\/03\/06\/hemos-perdido-el-norte\/\"},\"wordCount\":818,\"commentCount\":0,\"publisher\":{\"@id\":\"https:\/\/metamorfica.info\/#\/schema\/person\/80b1d759d3d5c01d4073b6a361fde0d4\"},\"image\":{\"@id\":\"https:\/\/metamorfica.info\/index.php\/2025\/03\/06\/hemos-perdido-el-norte\/#primaryimage\"},\"thumbnailUrl\":\"https:\/\/metamorfica.info\/wp-content\/uploads\/2025\/03\/SOSTENIBILIDAD.jpg\",\"keywords\":[\"accion clim\u00e1tica\",\"CALENTAMIENTO GLOBAL\",\"CAPITALISMO VERDE\",\"crisis climatica\",\"DESARROLLO SOSTENIBLE\",\"sostenibilidad\"],\"articleSection\":[\"Sin Categoria\"],\"inLanguage\":\"es\",\"potentialAction\":[{\"@type\":\"CommentAction\",\"name\":\"Comment\",\"target\":[\"https:\/\/metamorfica.info\/index.php\/2025\/03\/06\/hemos-perdido-el-norte\/#respond\"]}]},{\"@type\":\"WebPage\",\"@id\":\"https:\/\/metamorfica.info\/index.php\/2025\/03\/06\/hemos-perdido-el-norte\/\",\"url\":\"https:\/\/metamorfica.info\/index.php\/2025\/03\/06\/hemos-perdido-el-norte\/\",\"name\":\"\u00bfHEMOS PERDIDO EL NORTE? - Metam\u00f3rfica\",\"isPartOf\":{\"@id\":\"https:\/\/metamorfica.info\/#website\"},\"primaryImageOfPage\":{\"@id\":\"https:\/\/metamorfica.info\/index.php\/2025\/03\/06\/hemos-perdido-el-norte\/#primaryimage\"},\"image\":{\"@id\":\"https:\/\/metamorfica.info\/index.php\/2025\/03\/06\/hemos-perdido-el-norte\/#primaryimage\"},\"thumbnailUrl\":\"https:\/\/metamorfica.info\/wp-content\/uploads\/2025\/03\/SOSTENIBILIDAD.jpg\",\"datePublished\":\"2025-03-06T12:39:39+00:00\",\"dateModified\":\"2025-03-06T12:58:13+00:00\",\"breadcrumb\":{\"@id\":\"https:\/\/metamorfica.info\/index.php\/2025\/03\/06\/hemos-perdido-el-norte\/#breadcrumb\"},\"inLanguage\":\"es\",\"potentialAction\":[{\"@type\":\"ReadAction\",\"target\":[\"https:\/\/metamorfica.info\/index.php\/2025\/03\/06\/hemos-perdido-el-norte\/\"]}]},{\"@type\":\"ImageObject\",\"inLanguage\":\"es\",\"@id\":\"https:\/\/metamorfica.info\/index.php\/2025\/03\/06\/hemos-perdido-el-norte\/#primaryimage\",\"url\":\"https:\/\/metamorfica.info\/wp-content\/uploads\/2025\/03\/SOSTENIBILIDAD.jpg\",\"contentUrl\":\"https:\/\/metamorfica.info\/wp-content\/uploads\/2025\/03\/SOSTENIBILIDAD.jpg\",\"width\":726,\"height\":404},{\"@type\":\"BreadcrumbList\",\"@id\":\"https:\/\/metamorfica.info\/index.php\/2025\/03\/06\/hemos-perdido-el-norte\/#breadcrumb\",\"itemListElement\":[{\"@type\":\"ListItem\",\"position\":1,\"name\":\"Portada\",\"item\":\"https:\/\/metamorfica.info\/\"},{\"@type\":\"ListItem\",\"position\":2,\"name\":\"\u00bfHEMOS PERDIDO EL NORTE?\"}]},{\"@type\":\"WebSite\",\"@id\":\"https:\/\/metamorfica.info\/#website\",\"url\":\"https:\/\/metamorfica.info\/\",\"name\":\"Metam\u00f3rfica\",\"description\":\"\u00bfSabremos adaptarnos a los cambios de nuestro planeta?\",\"publisher\":{\"@id\":\"https:\/\/metamorfica.info\/#\/schema\/person\/80b1d759d3d5c01d4073b6a361fde0d4\"},\"potentialAction\":[{\"@type\":\"SearchAction\",\"target\":{\"@type\":\"EntryPoint\",\"urlTemplate\":\"https:\/\/metamorfica.info\/?s={search_term_string}\"},\"query-input\":{\"@type\":\"PropertyValueSpecification\",\"valueRequired\":true,\"valueName\":\"search_term_string\"}}],\"inLanguage\":\"es\"},{\"@type\":[\"Person\",\"Organization\"],\"@id\":\"https:\/\/metamorfica.info\/#\/schema\/person\/80b1d759d3d5c01d4073b6a361fde0d4\",\"name\":\"Carolina\",\"image\":{\"@type\":\"ImageObject\",\"inLanguage\":\"es\",\"@id\":\"https:\/\/metamorfica.info\/#\/schema\/person\/image\/\",\"url\":\"https:\/\/metamorfica.info\/wp-content\/uploads\/2021\/03\/MetamoI\u0081rfica-Home.png\",\"contentUrl\":\"https:\/\/metamorfica.info\/wp-content\/uploads\/2021\/03\/MetamoI\u0081rfica-Home.png\",\"width\":1064,\"height\":454,\"caption\":\"Carolina\"},\"logo\":{\"@id\":\"https:\/\/metamorfica.info\/#\/schema\/person\/image\/\"},\"description\":\"Educadora ambiental que descubri\u00f3 que ning\u00fan cambio es perdurable si no se inicia desde la coherencia entre pensamiento-palabra-emoci\u00f3n-accion.\",\"sameAs\":[\"http:\/\/www.metamorfica.info\",\"https:\/\/x.com\/Carolinametamorfica\"],\"url\":\"https:\/\/metamorfica.info\/index.php\/author\/carolina\/\"}]}<\/script>\n<!-- \/ Yoast SEO plugin. -->","yoast_head_json":{"title":"\u00bfHEMOS PERDIDO EL NORTE? - Metam\u00f3rfica","robots":{"index":"index","follow":"follow","max-snippet":"max-snippet:-1","max-image-preview":"max-image-preview:large","max-video-preview":"max-video-preview:-1"},"canonical":"https:\/\/metamorfica.info\/index.php\/2025\/03\/06\/hemos-perdido-el-norte\/","og_locale":"es_ES","og_type":"article","og_title":"\u00bfHEMOS PERDIDO EL NORTE? - Metam\u00f3rfica","og_description":"SOSTENIBILIDAD&#8230; Esa palabra que funciona como br\u00fajula indic\u00e1ndonos el buen camino. El concepto fue acu\u00f1ado por un economista; Hans Carlowitz en 1713, en referencia a [&hellip;]","og_url":"https:\/\/metamorfica.info\/index.php\/2025\/03\/06\/hemos-perdido-el-norte\/","og_site_name":"Metam\u00f3rfica","article_published_time":"2025-03-06T12:39:39+00:00","article_modified_time":"2025-03-06T12:58:13+00:00","og_image":[{"width":726,"height":404,"url":"https:\/\/metamorfica.info\/wp-content\/uploads\/2025\/03\/SOSTENIBILIDAD.jpg","type":"image\/jpeg"}],"author":"Carolina","twitter_card":"summary_large_image","twitter_creator":"@Carolinametamorfica","twitter_site":"@Carolinametamorfica","twitter_misc":{"Escrito por":"Carolina","Tiempo de lectura":"4 minutos"},"schema":{"@context":"https:\/\/schema.org","@graph":[{"@type":"Article","@id":"https:\/\/metamorfica.info\/index.php\/2025\/03\/06\/hemos-perdido-el-norte\/#article","isPartOf":{"@id":"https:\/\/metamorfica.info\/index.php\/2025\/03\/06\/hemos-perdido-el-norte\/"},"author":{"name":"Carolina","@id":"https:\/\/metamorfica.info\/#\/schema\/person\/80b1d759d3d5c01d4073b6a361fde0d4"},"headline":"\u00bfHEMOS PERDIDO EL NORTE?","datePublished":"2025-03-06T12:39:39+00:00","dateModified":"2025-03-06T12:58:13+00:00","mainEntityOfPage":{"@id":"https:\/\/metamorfica.info\/index.php\/2025\/03\/06\/hemos-perdido-el-norte\/"},"wordCount":818,"commentCount":0,"publisher":{"@id":"https:\/\/metamorfica.info\/#\/schema\/person\/80b1d759d3d5c01d4073b6a361fde0d4"},"image":{"@id":"https:\/\/metamorfica.info\/index.php\/2025\/03\/06\/hemos-perdido-el-norte\/#primaryimage"},"thumbnailUrl":"https:\/\/metamorfica.info\/wp-content\/uploads\/2025\/03\/SOSTENIBILIDAD.jpg","keywords":["accion clim\u00e1tica","CALENTAMIENTO GLOBAL","CAPITALISMO VERDE","crisis climatica","DESARROLLO SOSTENIBLE","sostenibilidad"],"articleSection":["Sin Categoria"],"inLanguage":"es","potentialAction":[{"@type":"CommentAction","name":"Comment","target":["https:\/\/metamorfica.info\/index.php\/2025\/03\/06\/hemos-perdido-el-norte\/#respond"]}]},{"@type":"WebPage","@id":"https:\/\/metamorfica.info\/index.php\/2025\/03\/06\/hemos-perdido-el-norte\/","url":"https:\/\/metamorfica.info\/index.php\/2025\/03\/06\/hemos-perdido-el-norte\/","name":"\u00bfHEMOS PERDIDO EL NORTE? - Metam\u00f3rfica","isPartOf":{"@id":"https:\/\/metamorfica.info\/#website"},"primaryImageOfPage":{"@id":"https:\/\/metamorfica.info\/index.php\/2025\/03\/06\/hemos-perdido-el-norte\/#primaryimage"},"image":{"@id":"https:\/\/metamorfica.info\/index.php\/2025\/03\/06\/hemos-perdido-el-norte\/#primaryimage"},"thumbnailUrl":"https:\/\/metamorfica.info\/wp-content\/uploads\/2025\/03\/SOSTENIBILIDAD.jpg","datePublished":"2025-03-06T12:39:39+00:00","dateModified":"2025-03-06T12:58:13+00:00","breadcrumb":{"@id":"https:\/\/metamorfica.info\/index.php\/2025\/03\/06\/hemos-perdido-el-norte\/#breadcrumb"},"inLanguage":"es","potentialAction":[{"@type":"ReadAction","target":["https:\/\/metamorfica.info\/index.php\/2025\/03\/06\/hemos-perdido-el-norte\/"]}]},{"@type":"ImageObject","inLanguage":"es","@id":"https:\/\/metamorfica.info\/index.php\/2025\/03\/06\/hemos-perdido-el-norte\/#primaryimage","url":"https:\/\/metamorfica.info\/wp-content\/uploads\/2025\/03\/SOSTENIBILIDAD.jpg","contentUrl":"https:\/\/metamorfica.info\/wp-content\/uploads\/2025\/03\/SOSTENIBILIDAD.jpg","width":726,"height":404},{"@type":"BreadcrumbList","@id":"https:\/\/metamorfica.info\/index.php\/2025\/03\/06\/hemos-perdido-el-norte\/#breadcrumb","itemListElement":[{"@type":"ListItem","position":1,"name":"Portada","item":"https:\/\/metamorfica.info\/"},{"@type":"ListItem","position":2,"name":"\u00bfHEMOS PERDIDO EL NORTE?"}]},{"@type":"WebSite","@id":"https:\/\/metamorfica.info\/#website","url":"https:\/\/metamorfica.info\/","name":"Metam\u00f3rfica","description":"\u00bfSabremos adaptarnos a los cambios de nuestro planeta?","publisher":{"@id":"https:\/\/metamorfica.info\/#\/schema\/person\/80b1d759d3d5c01d4073b6a361fde0d4"},"potentialAction":[{"@type":"SearchAction","target":{"@type":"EntryPoint","urlTemplate":"https:\/\/metamorfica.info\/?s={search_term_string}"},"query-input":{"@type":"PropertyValueSpecification","valueRequired":true,"valueName":"search_term_string"}}],"inLanguage":"es"},{"@type":["Person","Organization"],"@id":"https:\/\/metamorfica.info\/#\/schema\/person\/80b1d759d3d5c01d4073b6a361fde0d4","name":"Carolina","image":{"@type":"ImageObject","inLanguage":"es","@id":"https:\/\/metamorfica.info\/#\/schema\/person\/image\/","url":"https:\/\/metamorfica.info\/wp-content\/uploads\/2021\/03\/MetamoI\u0081rfica-Home.png","contentUrl":"https:\/\/metamorfica.info\/wp-content\/uploads\/2021\/03\/MetamoI\u0081rfica-Home.png","width":1064,"height":454,"caption":"Carolina"},"logo":{"@id":"https:\/\/metamorfica.info\/#\/schema\/person\/image\/"},"description":"Educadora ambiental que descubri\u00f3 que ning\u00fan cambio es perdurable si no se inicia desde la coherencia entre pensamiento-palabra-emoci\u00f3n-accion.","sameAs":["http:\/\/www.metamorfica.info","https:\/\/x.com\/Carolinametamorfica"],"url":"https:\/\/metamorfica.info\/index.php\/author\/carolina\/"}]}},"_links":{"self":[{"href":"https:\/\/metamorfica.info\/index.php\/wp-json\/wp\/v2\/posts\/7176","targetHints":{"allow":["GET"]}}],"collection":[{"href":"https:\/\/metamorfica.info\/index.php\/wp-json\/wp\/v2\/posts"}],"about":[{"href":"https:\/\/metamorfica.info\/index.php\/wp-json\/wp\/v2\/types\/post"}],"author":[{"embeddable":true,"href":"https:\/\/metamorfica.info\/index.php\/wp-json\/wp\/v2\/users\/2"}],"replies":[{"embeddable":true,"href":"https:\/\/metamorfica.info\/index.php\/wp-json\/wp\/v2\/comments?post=7176"}],"version-history":[{"count":4,"href":"https:\/\/metamorfica.info\/index.php\/wp-json\/wp\/v2\/posts\/7176\/revisions"}],"predecessor-version":[{"id":7181,"href":"https:\/\/metamorfica.info\/index.php\/wp-json\/wp\/v2\/posts\/7176\/revisions\/7181"}],"wp:featuredmedia":[{"embeddable":true,"href":"https:\/\/metamorfica.info\/index.php\/wp-json\/wp\/v2\/media\/7177"}],"wp:attachment":[{"href":"https:\/\/metamorfica.info\/index.php\/wp-json\/wp\/v2\/media?parent=7176"}],"wp:term":[{"taxonomy":"category","embeddable":true,"href":"https:\/\/metamorfica.info\/index.php\/wp-json\/wp\/v2\/categories?post=7176"},{"taxonomy":"post_tag","embeddable":true,"href":"https:\/\/metamorfica.info\/index.php\/wp-json\/wp\/v2\/tags?post=7176"}],"curies":[{"name":"wp","href":"https:\/\/api.w.org\/{rel}","templated":true}]}}