{"id":7164,"date":"2025-02-12T12:37:38","date_gmt":"2025-02-12T11:37:38","guid":{"rendered":"https:\/\/metamorfica.info\/?p=7164"},"modified":"2025-02-12T12:54:40","modified_gmt":"2025-02-12T11:54:40","slug":"la-aparicion-de-la-individualidad-produjo-un-cambio-civilizatorio","status":"publish","type":"post","link":"https:\/\/metamorfica.info\/index.php\/2025\/02\/12\/la-aparicion-de-la-individualidad-produjo-un-cambio-civilizatorio\/","title":{"rendered":"LA APARICI\u00d3N DE LA INDIVIDUALIDAD PRODUJO UN CAMBIO CIVILIZATORIO"},"content":{"rendered":"<p>En la etapa forrajera (cazadores-recolectores) del ser humano y en los primeros 4.000 a\u00f1os de la agricultura, la especie humana tuvo mayoritariamente una IDENTIDAD RELACIONAL, no hab\u00eda propiedad privada y las decisiones y consecuencias se asum\u00edan de forma comunitaria.<\/p>\n<p>Esta identidad hab\u00eda predominado en un momento hist\u00f3rico en el que la sociedades ten\u00edan poca capacidad de control sobre su entorno y la seguridad la otorgaba el colectivo. Sin embargo, desde la aparici\u00f3n de la agricultura se hab\u00eda ido generando una serie de circunstancias que posibilitaron la eclosi\u00f3n de una identidad individual en los hombres, que ser\u00eda la base de RELACIONES DE DOMINACI\u00d3N posteriores.<\/p>\n<p>Por una parte aument\u00f3 el COMERCIO, y con ello la movilidad masculina. Los hombres, en general, asum\u00edan tareas que implicaban m\u00e1s movilidad y riesgo. Cuanto mayor es la movilidad de una persona m\u00e1s se expande su universo y m\u00e1s capacidad de decisi\u00f3n tienen que desarrollar para adaptarse a \u00e9l. Estos factores fueron generando en algunos hombres una sensaci\u00f3n de MENOR DEPENDENCIA DEL COLECTIVO. Adem\u00e1s, a medida que la sociedad de fue haciendo m\u00e1s compleja, con mayor especializaci\u00f3n, m\u00e1s hombres fueron teniendo trabajos m\u00e1s espec\u00edficos, que les proporcionaron mayor sensaci\u00f3n de control. Y a esto se uni\u00f3 el distanciamiento con la Naturaleza. As\u00ed, algunos hombres fueron desarrollando una IDENTIDAD INDIVIDUAL en el plano consciente. Esta identidad fue sustituyendo a la relacional, pasando de EGOS INTERDEPENDIENTES a EGOS INDEPENDIENTES. Probablemente fue un proceso inconsciente y no planeado, desarrollado de forma gradual y no perceptible.<\/p>\n<p>&nbsp;<\/p>\n<h3>COMO CONSECUENCIA SURGE LA DOMINACI\u00d3N<\/h3>\n<p>Concebir una mayor individualidad implica poder entender al resto como POTENCIALES ENEMIGOS\/AS, pues al igual que una persona sabe que guarda para s\u00ed emociones y estrategias, tambi\u00e9n concibe que otras lo hagan.<\/p>\n<p>Para construir una relaci\u00f3n de dominaci\u00f3n, hace falta una DISTANCIA EMOCIONAL RESPECTO A LO DOMINADO, una disminuci\u00f3n de la compasi\u00f3n. El control sobre el resto tambi\u00e9n requiere saber cu\u00e1les son los deseos y necesidades propias y situarlas por encima. Una MENOR CONEXI\u00d3N CON LA NATURALEZA TAMBI\u00c9N AUMENTA LA SENSACI\u00d3N DE INSEGURIDAD, a lo que se puede responder mediante su CONTROL. As\u00ed el poder sobre la Naturaleza fue asociado al poder sobre las personas desde el principio y probablemente la concepci\u00f3n de uno realiment\u00f3 al otro.<\/p>\n<p>La individualizaci\u00f3n no s\u00f3lo fue consecuencia de la necesidad de tener que tomar m\u00e1s decisiones, sino que increment\u00f3 esa capacidad:<\/p>\n<ul>\n<li>Permiti\u00f3 una concepci\u00f3n LINEAL del tiempo, lo que facilit\u00f3 prever acontecimientos y aprender del pasado.<\/li>\n<li>Posibilit\u00f3 tener una visi\u00f3n de la realidad METAF\u00d3RICA y no meton\u00edmica (pasar, al menos en parte, del mito\u00a0 a la raz\u00f3n).<\/li>\n<li>Se empez\u00f3 a valorar m\u00e1s el CAMBIO y no la repetici\u00f3n (algo caracter\u00edstico de las identidades relacionales)<\/li>\n<li>La RAZ\u00d3N fue una necesidad para la tranquilidad emocional, pues la seguridad fue dejando de depender de una instancia superior y requiri\u00f3 ampliar y perfeccionar constantemente los modelos de representaci\u00f3n del mundo.<\/li>\n<\/ul>\n<p>&nbsp;<\/p>\n<p><em><strong>Extracto de En la Espiral de la Energ\u00eda (Tomo I). Ram\u00f3n Fernandez Dur\u00e1n y Luis Gonzalez Reyes. Ed. Libros en Acci\u00f3n.<\/strong><\/em><\/p>\n<p>&nbsp;<\/p>\n<h2 style=\"text-align: center;\">REFLEXI\u00d3N<\/h2>\n<p>Quiz\u00e1 para resolver el problema eco-social debemos replantearnos una VUELTA A LO COLECTIVO, a esa identidad relacional que nos lleva a a rebajar nuestra necesidad de control y dominaci\u00f3n sobre las personas y la Naturaleza. Volviendo a conectarnos con el <strong>tiempo c\u00edclico<\/strong>, a ganar seguridad emocional a trav\u00e9s del <strong>ritual<\/strong> (entendido como acciones repetitivas que nos ayudan a situarnos en el espacio-tiempo y nos aportan identidad de grupo).<\/p>\n<p>Quiz\u00e1 s\u00f3lo tenemos que dar un \u00abpaso atr\u00e1s\u00bb para coger impulso y empezar a orquestar un nuevo <strong>cambio civilizatorio<\/strong> que nos permita EQUILIBRARNOS con el planeta que habitamos.<\/p>\n","protected":false},"excerpt":{"rendered":"<p>En la etapa forrajera (cazadores-recolectores) del ser humano y en los primeros 4.000 a\u00f1os de la agricultura, la especie humana tuvo mayoritariamente una IDENTIDAD RELACIONAL, [&hellip;]<\/p>\n","protected":false},"author":2,"featured_media":7169,"comment_status":"open","ping_status":"open","sticky":false,"template":"","format":"standard","meta":{"_bbp_topic_count":0,"_bbp_reply_count":0,"_bbp_total_topic_count":0,"_bbp_total_reply_count":0,"_bbp_voice_count":0,"_bbp_anonymous_reply_count":0,"_bbp_topic_count_hidden":0,"_bbp_reply_count_hidden":0,"_bbp_forum_subforum_count":0,"footnotes":""},"categories":[1],"tags":[168,48,169,166,91,165,167],"class_list":["post-7164","post","type-post","status-publish","format-standard","has-post-thumbnail","hentry","category-sin-categoria","tag-accion-climatica","tag-cambio-climatico","tag-colapso-ecologia","tag-colectivo","tag-ecologia","tag-individualismo","tag-movimientos-sociales"],"yoast_head":"<!-- This site is optimized with the Yoast SEO plugin v23.9 - https:\/\/yoast.com\/wordpress\/plugins\/seo\/ -->\n<title>LA APARICI\u00d3N DE LA INDIVIDUALIDAD PRODUJO UN CAMBIO CIVILIZATORIO - Metam\u00f3rfica<\/title>\n<meta name=\"robots\" content=\"index, follow, max-snippet:-1, max-image-preview:large, max-video-preview:-1\" \/>\n<link rel=\"canonical\" href=\"https:\/\/metamorfica.info\/index.php\/2025\/02\/12\/la-aparicion-de-la-individualidad-produjo-un-cambio-civilizatorio\/\" \/>\n<meta property=\"og:locale\" content=\"es_ES\" \/>\n<meta property=\"og:type\" content=\"article\" \/>\n<meta property=\"og:title\" content=\"LA APARICI\u00d3N DE LA INDIVIDUALIDAD PRODUJO UN CAMBIO CIVILIZATORIO - Metam\u00f3rfica\" \/>\n<meta property=\"og:description\" content=\"En la etapa forrajera (cazadores-recolectores) del ser humano y en los primeros 4.000 a\u00f1os de la agricultura, la especie humana tuvo mayoritariamente una IDENTIDAD RELACIONAL, [&hellip;]\" \/>\n<meta property=\"og:url\" content=\"https:\/\/metamorfica.info\/index.php\/2025\/02\/12\/la-aparicion-de-la-individualidad-produjo-un-cambio-civilizatorio\/\" \/>\n<meta property=\"og:site_name\" content=\"Metam\u00f3rfica\" \/>\n<meta property=\"article:published_time\" content=\"2025-02-12T11:37:38+00:00\" \/>\n<meta property=\"article:modified_time\" content=\"2025-02-12T11:54:40+00:00\" \/>\n<meta property=\"og:image\" content=\"https:\/\/metamorfica.info\/wp-content\/uploads\/2025\/02\/INDIVIDUALIDAD.jpg\" \/>\n\t<meta property=\"og:image:width\" content=\"650\" \/>\n\t<meta property=\"og:image:height\" content=\"552\" \/>\n\t<meta property=\"og:image:type\" content=\"image\/jpeg\" \/>\n<meta name=\"author\" content=\"Carolina\" \/>\n<meta name=\"twitter:card\" content=\"summary_large_image\" \/>\n<meta name=\"twitter:creator\" content=\"@Carolinametamorfica\" \/>\n<meta name=\"twitter:site\" content=\"@Carolinametamorfica\" \/>\n<meta name=\"twitter:label1\" content=\"Escrito por\" \/>\n\t<meta name=\"twitter:data1\" content=\"Carolina\" \/>\n\t<meta name=\"twitter:label2\" content=\"Tiempo de lectura\" \/>\n\t<meta name=\"twitter:data2\" content=\"3 minutos\" \/>\n<script type=\"application\/ld+json\" class=\"yoast-schema-graph\">{\"@context\":\"https:\/\/schema.org\",\"@graph\":[{\"@type\":\"Article\",\"@id\":\"https:\/\/metamorfica.info\/index.php\/2025\/02\/12\/la-aparicion-de-la-individualidad-produjo-un-cambio-civilizatorio\/#article\",\"isPartOf\":{\"@id\":\"https:\/\/metamorfica.info\/index.php\/2025\/02\/12\/la-aparicion-de-la-individualidad-produjo-un-cambio-civilizatorio\/\"},\"author\":{\"name\":\"Carolina\",\"@id\":\"https:\/\/metamorfica.info\/#\/schema\/person\/80b1d759d3d5c01d4073b6a361fde0d4\"},\"headline\":\"LA APARICI\u00d3N DE LA INDIVIDUALIDAD PRODUJO UN CAMBIO CIVILIZATORIO\",\"datePublished\":\"2025-02-12T11:37:38+00:00\",\"dateModified\":\"2025-02-12T11:54:40+00:00\",\"mainEntityOfPage\":{\"@id\":\"https:\/\/metamorfica.info\/index.php\/2025\/02\/12\/la-aparicion-de-la-individualidad-produjo-un-cambio-civilizatorio\/\"},\"wordCount\":662,\"commentCount\":0,\"publisher\":{\"@id\":\"https:\/\/metamorfica.info\/#\/schema\/person\/80b1d759d3d5c01d4073b6a361fde0d4\"},\"image\":{\"@id\":\"https:\/\/metamorfica.info\/index.php\/2025\/02\/12\/la-aparicion-de-la-individualidad-produjo-un-cambio-civilizatorio\/#primaryimage\"},\"thumbnailUrl\":\"https:\/\/metamorfica.info\/wp-content\/uploads\/2025\/02\/INDIVIDUALIDAD.jpg\",\"keywords\":[\"accion clim\u00e1tica\",\"cambio climatico\",\"colapso ecolog\u00eda\",\"colectivo\",\"ecologia\",\"individualismo\",\"movimientos sociales\"],\"articleSection\":[\"Sin Categoria\"],\"inLanguage\":\"es\",\"potentialAction\":[{\"@type\":\"CommentAction\",\"name\":\"Comment\",\"target\":[\"https:\/\/metamorfica.info\/index.php\/2025\/02\/12\/la-aparicion-de-la-individualidad-produjo-un-cambio-civilizatorio\/#respond\"]}]},{\"@type\":\"WebPage\",\"@id\":\"https:\/\/metamorfica.info\/index.php\/2025\/02\/12\/la-aparicion-de-la-individualidad-produjo-un-cambio-civilizatorio\/\",\"url\":\"https:\/\/metamorfica.info\/index.php\/2025\/02\/12\/la-aparicion-de-la-individualidad-produjo-un-cambio-civilizatorio\/\",\"name\":\"LA APARICI\u00d3N DE LA INDIVIDUALIDAD PRODUJO UN CAMBIO CIVILIZATORIO - Metam\u00f3rfica\",\"isPartOf\":{\"@id\":\"https:\/\/metamorfica.info\/#website\"},\"primaryImageOfPage\":{\"@id\":\"https:\/\/metamorfica.info\/index.php\/2025\/02\/12\/la-aparicion-de-la-individualidad-produjo-un-cambio-civilizatorio\/#primaryimage\"},\"image\":{\"@id\":\"https:\/\/metamorfica.info\/index.php\/2025\/02\/12\/la-aparicion-de-la-individualidad-produjo-un-cambio-civilizatorio\/#primaryimage\"},\"thumbnailUrl\":\"https:\/\/metamorfica.info\/wp-content\/uploads\/2025\/02\/INDIVIDUALIDAD.jpg\",\"datePublished\":\"2025-02-12T11:37:38+00:00\",\"dateModified\":\"2025-02-12T11:54:40+00:00\",\"breadcrumb\":{\"@id\":\"https:\/\/metamorfica.info\/index.php\/2025\/02\/12\/la-aparicion-de-la-individualidad-produjo-un-cambio-civilizatorio\/#breadcrumb\"},\"inLanguage\":\"es\",\"potentialAction\":[{\"@type\":\"ReadAction\",\"target\":[\"https:\/\/metamorfica.info\/index.php\/2025\/02\/12\/la-aparicion-de-la-individualidad-produjo-un-cambio-civilizatorio\/\"]}]},{\"@type\":\"ImageObject\",\"inLanguage\":\"es\",\"@id\":\"https:\/\/metamorfica.info\/index.php\/2025\/02\/12\/la-aparicion-de-la-individualidad-produjo-un-cambio-civilizatorio\/#primaryimage\",\"url\":\"https:\/\/metamorfica.info\/wp-content\/uploads\/2025\/02\/INDIVIDUALIDAD.jpg\",\"contentUrl\":\"https:\/\/metamorfica.info\/wp-content\/uploads\/2025\/02\/INDIVIDUALIDAD.jpg\",\"width\":650,\"height\":552},{\"@type\":\"BreadcrumbList\",\"@id\":\"https:\/\/metamorfica.info\/index.php\/2025\/02\/12\/la-aparicion-de-la-individualidad-produjo-un-cambio-civilizatorio\/#breadcrumb\",\"itemListElement\":[{\"@type\":\"ListItem\",\"position\":1,\"name\":\"Portada\",\"item\":\"https:\/\/metamorfica.info\/\"},{\"@type\":\"ListItem\",\"position\":2,\"name\":\"LA APARICI\u00d3N DE LA INDIVIDUALIDAD PRODUJO UN CAMBIO CIVILIZATORIO\"}]},{\"@type\":\"WebSite\",\"@id\":\"https:\/\/metamorfica.info\/#website\",\"url\":\"https:\/\/metamorfica.info\/\",\"name\":\"Metam\u00f3rfica\",\"description\":\"\u00bfSabremos adaptarnos a los cambios de nuestro planeta?\",\"publisher\":{\"@id\":\"https:\/\/metamorfica.info\/#\/schema\/person\/80b1d759d3d5c01d4073b6a361fde0d4\"},\"potentialAction\":[{\"@type\":\"SearchAction\",\"target\":{\"@type\":\"EntryPoint\",\"urlTemplate\":\"https:\/\/metamorfica.info\/?s={search_term_string}\"},\"query-input\":{\"@type\":\"PropertyValueSpecification\",\"valueRequired\":true,\"valueName\":\"search_term_string\"}}],\"inLanguage\":\"es\"},{\"@type\":[\"Person\",\"Organization\"],\"@id\":\"https:\/\/metamorfica.info\/#\/schema\/person\/80b1d759d3d5c01d4073b6a361fde0d4\",\"name\":\"Carolina\",\"image\":{\"@type\":\"ImageObject\",\"inLanguage\":\"es\",\"@id\":\"https:\/\/metamorfica.info\/#\/schema\/person\/image\/\",\"url\":\"https:\/\/metamorfica.info\/wp-content\/uploads\/2021\/03\/MetamoI\u0081rfica-Home.png\",\"contentUrl\":\"https:\/\/metamorfica.info\/wp-content\/uploads\/2021\/03\/MetamoI\u0081rfica-Home.png\",\"width\":1064,\"height\":454,\"caption\":\"Carolina\"},\"logo\":{\"@id\":\"https:\/\/metamorfica.info\/#\/schema\/person\/image\/\"},\"description\":\"Educadora ambiental que descubri\u00f3 que ning\u00fan cambio es perdurable si no se inicia desde la coherencia entre pensamiento-palabra-emoci\u00f3n-accion.\",\"sameAs\":[\"http:\/\/www.metamorfica.info\",\"https:\/\/x.com\/Carolinametamorfica\"],\"url\":\"https:\/\/metamorfica.info\/index.php\/author\/carolina\/\"}]}<\/script>\n<!-- \/ Yoast SEO plugin. -->","yoast_head_json":{"title":"LA APARICI\u00d3N DE LA INDIVIDUALIDAD PRODUJO UN CAMBIO CIVILIZATORIO - Metam\u00f3rfica","robots":{"index":"index","follow":"follow","max-snippet":"max-snippet:-1","max-image-preview":"max-image-preview:large","max-video-preview":"max-video-preview:-1"},"canonical":"https:\/\/metamorfica.info\/index.php\/2025\/02\/12\/la-aparicion-de-la-individualidad-produjo-un-cambio-civilizatorio\/","og_locale":"es_ES","og_type":"article","og_title":"LA APARICI\u00d3N DE LA INDIVIDUALIDAD PRODUJO UN CAMBIO CIVILIZATORIO - Metam\u00f3rfica","og_description":"En la etapa forrajera (cazadores-recolectores) del ser humano y en los primeros 4.000 a\u00f1os de la agricultura, la especie humana tuvo mayoritariamente una IDENTIDAD RELACIONAL, [&hellip;]","og_url":"https:\/\/metamorfica.info\/index.php\/2025\/02\/12\/la-aparicion-de-la-individualidad-produjo-un-cambio-civilizatorio\/","og_site_name":"Metam\u00f3rfica","article_published_time":"2025-02-12T11:37:38+00:00","article_modified_time":"2025-02-12T11:54:40+00:00","og_image":[{"width":650,"height":552,"url":"https:\/\/metamorfica.info\/wp-content\/uploads\/2025\/02\/INDIVIDUALIDAD.jpg","type":"image\/jpeg"}],"author":"Carolina","twitter_card":"summary_large_image","twitter_creator":"@Carolinametamorfica","twitter_site":"@Carolinametamorfica","twitter_misc":{"Escrito por":"Carolina","Tiempo de lectura":"3 minutos"},"schema":{"@context":"https:\/\/schema.org","@graph":[{"@type":"Article","@id":"https:\/\/metamorfica.info\/index.php\/2025\/02\/12\/la-aparicion-de-la-individualidad-produjo-un-cambio-civilizatorio\/#article","isPartOf":{"@id":"https:\/\/metamorfica.info\/index.php\/2025\/02\/12\/la-aparicion-de-la-individualidad-produjo-un-cambio-civilizatorio\/"},"author":{"name":"Carolina","@id":"https:\/\/metamorfica.info\/#\/schema\/person\/80b1d759d3d5c01d4073b6a361fde0d4"},"headline":"LA APARICI\u00d3N DE LA INDIVIDUALIDAD PRODUJO UN CAMBIO CIVILIZATORIO","datePublished":"2025-02-12T11:37:38+00:00","dateModified":"2025-02-12T11:54:40+00:00","mainEntityOfPage":{"@id":"https:\/\/metamorfica.info\/index.php\/2025\/02\/12\/la-aparicion-de-la-individualidad-produjo-un-cambio-civilizatorio\/"},"wordCount":662,"commentCount":0,"publisher":{"@id":"https:\/\/metamorfica.info\/#\/schema\/person\/80b1d759d3d5c01d4073b6a361fde0d4"},"image":{"@id":"https:\/\/metamorfica.info\/index.php\/2025\/02\/12\/la-aparicion-de-la-individualidad-produjo-un-cambio-civilizatorio\/#primaryimage"},"thumbnailUrl":"https:\/\/metamorfica.info\/wp-content\/uploads\/2025\/02\/INDIVIDUALIDAD.jpg","keywords":["accion clim\u00e1tica","cambio climatico","colapso ecolog\u00eda","colectivo","ecologia","individualismo","movimientos sociales"],"articleSection":["Sin Categoria"],"inLanguage":"es","potentialAction":[{"@type":"CommentAction","name":"Comment","target":["https:\/\/metamorfica.info\/index.php\/2025\/02\/12\/la-aparicion-de-la-individualidad-produjo-un-cambio-civilizatorio\/#respond"]}]},{"@type":"WebPage","@id":"https:\/\/metamorfica.info\/index.php\/2025\/02\/12\/la-aparicion-de-la-individualidad-produjo-un-cambio-civilizatorio\/","url":"https:\/\/metamorfica.info\/index.php\/2025\/02\/12\/la-aparicion-de-la-individualidad-produjo-un-cambio-civilizatorio\/","name":"LA APARICI\u00d3N DE LA INDIVIDUALIDAD PRODUJO UN CAMBIO CIVILIZATORIO - Metam\u00f3rfica","isPartOf":{"@id":"https:\/\/metamorfica.info\/#website"},"primaryImageOfPage":{"@id":"https:\/\/metamorfica.info\/index.php\/2025\/02\/12\/la-aparicion-de-la-individualidad-produjo-un-cambio-civilizatorio\/#primaryimage"},"image":{"@id":"https:\/\/metamorfica.info\/index.php\/2025\/02\/12\/la-aparicion-de-la-individualidad-produjo-un-cambio-civilizatorio\/#primaryimage"},"thumbnailUrl":"https:\/\/metamorfica.info\/wp-content\/uploads\/2025\/02\/INDIVIDUALIDAD.jpg","datePublished":"2025-02-12T11:37:38+00:00","dateModified":"2025-02-12T11:54:40+00:00","breadcrumb":{"@id":"https:\/\/metamorfica.info\/index.php\/2025\/02\/12\/la-aparicion-de-la-individualidad-produjo-un-cambio-civilizatorio\/#breadcrumb"},"inLanguage":"es","potentialAction":[{"@type":"ReadAction","target":["https:\/\/metamorfica.info\/index.php\/2025\/02\/12\/la-aparicion-de-la-individualidad-produjo-un-cambio-civilizatorio\/"]}]},{"@type":"ImageObject","inLanguage":"es","@id":"https:\/\/metamorfica.info\/index.php\/2025\/02\/12\/la-aparicion-de-la-individualidad-produjo-un-cambio-civilizatorio\/#primaryimage","url":"https:\/\/metamorfica.info\/wp-content\/uploads\/2025\/02\/INDIVIDUALIDAD.jpg","contentUrl":"https:\/\/metamorfica.info\/wp-content\/uploads\/2025\/02\/INDIVIDUALIDAD.jpg","width":650,"height":552},{"@type":"BreadcrumbList","@id":"https:\/\/metamorfica.info\/index.php\/2025\/02\/12\/la-aparicion-de-la-individualidad-produjo-un-cambio-civilizatorio\/#breadcrumb","itemListElement":[{"@type":"ListItem","position":1,"name":"Portada","item":"https:\/\/metamorfica.info\/"},{"@type":"ListItem","position":2,"name":"LA APARICI\u00d3N DE LA INDIVIDUALIDAD PRODUJO UN CAMBIO CIVILIZATORIO"}]},{"@type":"WebSite","@id":"https:\/\/metamorfica.info\/#website","url":"https:\/\/metamorfica.info\/","name":"Metam\u00f3rfica","description":"\u00bfSabremos adaptarnos a los cambios de nuestro planeta?","publisher":{"@id":"https:\/\/metamorfica.info\/#\/schema\/person\/80b1d759d3d5c01d4073b6a361fde0d4"},"potentialAction":[{"@type":"SearchAction","target":{"@type":"EntryPoint","urlTemplate":"https:\/\/metamorfica.info\/?s={search_term_string}"},"query-input":{"@type":"PropertyValueSpecification","valueRequired":true,"valueName":"search_term_string"}}],"inLanguage":"es"},{"@type":["Person","Organization"],"@id":"https:\/\/metamorfica.info\/#\/schema\/person\/80b1d759d3d5c01d4073b6a361fde0d4","name":"Carolina","image":{"@type":"ImageObject","inLanguage":"es","@id":"https:\/\/metamorfica.info\/#\/schema\/person\/image\/","url":"https:\/\/metamorfica.info\/wp-content\/uploads\/2021\/03\/MetamoI\u0081rfica-Home.png","contentUrl":"https:\/\/metamorfica.info\/wp-content\/uploads\/2021\/03\/MetamoI\u0081rfica-Home.png","width":1064,"height":454,"caption":"Carolina"},"logo":{"@id":"https:\/\/metamorfica.info\/#\/schema\/person\/image\/"},"description":"Educadora ambiental que descubri\u00f3 que ning\u00fan cambio es perdurable si no se inicia desde la coherencia entre pensamiento-palabra-emoci\u00f3n-accion.","sameAs":["http:\/\/www.metamorfica.info","https:\/\/x.com\/Carolinametamorfica"],"url":"https:\/\/metamorfica.info\/index.php\/author\/carolina\/"}]}},"_links":{"self":[{"href":"https:\/\/metamorfica.info\/index.php\/wp-json\/wp\/v2\/posts\/7164","targetHints":{"allow":["GET"]}}],"collection":[{"href":"https:\/\/metamorfica.info\/index.php\/wp-json\/wp\/v2\/posts"}],"about":[{"href":"https:\/\/metamorfica.info\/index.php\/wp-json\/wp\/v2\/types\/post"}],"author":[{"embeddable":true,"href":"https:\/\/metamorfica.info\/index.php\/wp-json\/wp\/v2\/users\/2"}],"replies":[{"embeddable":true,"href":"https:\/\/metamorfica.info\/index.php\/wp-json\/wp\/v2\/comments?post=7164"}],"version-history":[{"count":9,"href":"https:\/\/metamorfica.info\/index.php\/wp-json\/wp\/v2\/posts\/7164\/revisions"}],"predecessor-version":[{"id":7174,"href":"https:\/\/metamorfica.info\/index.php\/wp-json\/wp\/v2\/posts\/7164\/revisions\/7174"}],"wp:featuredmedia":[{"embeddable":true,"href":"https:\/\/metamorfica.info\/index.php\/wp-json\/wp\/v2\/media\/7169"}],"wp:attachment":[{"href":"https:\/\/metamorfica.info\/index.php\/wp-json\/wp\/v2\/media?parent=7164"}],"wp:term":[{"taxonomy":"category","embeddable":true,"href":"https:\/\/metamorfica.info\/index.php\/wp-json\/wp\/v2\/categories?post=7164"},{"taxonomy":"post_tag","embeddable":true,"href":"https:\/\/metamorfica.info\/index.php\/wp-json\/wp\/v2\/tags?post=7164"}],"curies":[{"name":"wp","href":"https:\/\/api.w.org\/{rel}","templated":true}]}}