{"id":7156,"date":"2025-01-10T18:37:49","date_gmt":"2025-01-10T17:37:49","guid":{"rendered":"https:\/\/metamorfica.info\/?p=7156"},"modified":"2025-01-29T18:47:36","modified_gmt":"2025-01-29T17:47:36","slug":"el-laberinto-de-la-transicion-ecologica","status":"publish","type":"post","link":"https:\/\/metamorfica.info\/index.php\/2025\/01\/10\/el-laberinto-de-la-transicion-ecologica\/","title":{"rendered":"EL LABERINTO DE LA TRANSICI\u00d3N ECOL\u00d3GICA"},"content":{"rendered":"<p>Hoy quiero compartiros un reportaje period\u00edstico de Andreu Esriv\u00e1 (licenciado en Ciencias Ambientales, m\u00e1ster en Biodiversidad y Conservaci\u00f3n de Ecosistemas y doctor en Biodiversidad por la Universitat de Val\u00e8ncia. Form\u00f3 parte del Comit\u00e9 de Expertos de Cambio Clim\u00e1tico de la Comunitat Valenciana entre 2016 y 2017, y es miembro del Grupo de Expertas y Expertos de Emergencia Clim\u00e1tica de Barcelona desde mayo de 2021). Lo puedes encontrar en la revista <a href=\"https:\/\/climatica.coop\/\">CLIM\u00c1TICA<\/a>, medio independiente especializado en divulgaci\u00f3n sobre noticias clim\u00e1ticas y ecosociales.<\/p>\n<p>\u00a1Gracias Andreu por tu trabajo!<\/p>\n<p>&nbsp;<\/p>\n<p>&nbsp;<\/p>\n<h1 class=\"text-center\">El laberinto de la transici\u00f3n ecol\u00f3gica<\/h1>\n<div class=\"text-center excerpt\">\u00abMientras se perciba esta transici\u00f3n como un mero cambio de enchufe, del cual se beneficiar\u00e1n las empresas que nos han tra\u00eddo hasta este abismo civilizatorio, habr\u00e1 un porcentaje importante de poblaci\u00f3n y territorios enteros que no transigir\u00e1n con ella\u00bb, escribe Escriv\u00e0.<\/div>\n<div><\/div>\n<div>\n<p>Dejemos algo claro: las obviedades no nos sirven en el debate sobre la <strong><a href=\"https:\/\/climatica.coop\/etiquetas\/transicion-ecologica\/\" target=\"_blank\" rel=\"noreferrer noopener\">transici\u00f3n ecol\u00f3gica<\/a><\/strong>. Tan inane resulta decir que un crecimiento infinito es imposible en un planeta finito como que debemos acelerar en la <strong>descarbonizaci\u00f3n <\/strong>de la econom\u00eda (\u00bfqui\u00e9n y d\u00f3nde pisa el acelerador?). Esto no significa que no sean postulados ciertos o que no deban marcar el terreno de juego; implican que, una vez metidos en el barro de la transici\u00f3n, no vamos a ganar un solo punto aunque estemos convencidos de que son nuestra mejor carta y un argumento ganador.<\/p>\n<p>Hace apenas unos a\u00f1os en este pa\u00eds elev\u00e1bamos un lamento colectivo por no ser \u00abcomo <strong>Alemania<\/strong>, que produc\u00eda m\u00e1s energ\u00eda solar con m\u00e1s nubes y menos territorio, f\u00edjate t\u00fa\u00bb. Lo raro hubiese sido tener m\u00e1s placas solares que un pa\u00eds con casi el doble de poblaci\u00f3n (y PIB per c\u00e1pita) y dos veces y media la densidad de poblaci\u00f3n de Espa\u00f1a. Un pa\u00eds, Alemania, que <strong>ha destrozado la mayor parte de sus ecosistemas naturales<\/strong> desde hace siglos y est\u00e1<strong> fort\u00edsimamente antropizado<\/strong>. Tiene m\u00e1s dinero, m\u00e1s gente y m\u00e1s superficies aptas; \u00bfd\u00f3nde est\u00e1 la sorpresa?<\/p>\n<p>En ese periodo, y tras el primer <em>boom<\/em> renovable con los gobiernos de Rodr\u00edguez Zapatero, el discurso p\u00fablico vir\u00f3 hacia el <strong>se\u00f1alamiento a los gobiernos del Partido Popular<\/strong>. Hab\u00eda motivos de sobra para indignarse. Gobiernos ultraconservadores, meras trituradoras de servicios p\u00fablicos al servicio de amigos y empresas fines; corruptos profesionales y amateurs; negacionistas clim\u00e1ticos confesos; embriones pol\u00edticos ligados (como muchos socialistas) por un rollizo cord\u00f3n umbilical al oligopolio energ\u00e9tico. El relato estaba claro, pues. <em>Los poderosos<\/em> imped\u00edan un despliegue masivo de energ\u00edas renovables en el territorio. Ocultaban bajo siete llaves el bot\u00f3n m\u00e1gico que solucionar\u00eda el cambio clim\u00e1tico y que de golpe nos volver\u00eda puros y sostenibles. La soluci\u00f3n definitiva: poner muchas placas solares en cualquier rinc\u00f3n ba\u00f1ado por el sol y tantos molinos de viento como cupiesen en las carenas y all\u00ed donde quiera que anidase el viento.<\/p>\n<p>Pero hete aqu\u00ed que, tras el cambio de gobierno y de normativa (como el famoso y manoseado \u2018impuesto al sol\u2019), este relato empieza a tambalearse. De repente <strong>se abrieron las compuertas de la transici\u00f3n energ\u00e9tica<\/strong> y, al calor de la recuperaci\u00f3n verde (sic) poscovid y de la guerra de Ucrania, todo el monte devino silicio. Centenares de proyectos que cubrir\u00edan miles de hect\u00e1reas empezaron a manchar la geograf\u00eda de los mapas colgados en las paredes de los despachos. Las plegarias de quienes hace un lustro maldec\u00edan a un gobierno retardista se tornaron c\u00e1nticos de alegr\u00eda en las sedes de las grandes empresas energ\u00e9ticas y fondos de inversi\u00f3n, que se frotaron las manos ante el fest\u00edn que dispon\u00edan a darse.<\/p>\n<p>Asistimos a la traslaci\u00f3n al mundo real de otra obviedad:<strong> la transici\u00f3n ecol\u00f3gica va mucho m\u00e1s all\u00e1 de la energ\u00e9tica<\/strong>. Cegados por un discurso institucional que asimila la parte por el todo, la confusi\u00f3n ciudadana se ha desvanecido como una densa niebla bajo un sol de justicia. La revelaci\u00f3n ha aparecido de forma s\u00fabita y dolorosa en el imaginario colectivo: no hay bot\u00f3n m\u00e1gico, no todo se soluciona con placas solares, hay algo m\u00e1s all\u00e1 de la energ\u00eda. Hay suelo, vida, comida, patrimonio, recuerdos, emociones y, tambi\u00e9n, (in)justicia y (des)igualdad. A pesar de la tentaci\u00f3n de atribuir a la ingenuidad de quienes pensaban que esparciendo reluciente silicio arreglar\u00edamos el entuerto, existe una responsabilidad clara e inescapable por quienes, estando all\u00ed donde se supone que debe dirimirse la transici\u00f3n ecol\u00f3gica, se han ocupado \u00fanicamente de la energ\u00e9tica.<\/p>\n<p>Los cruces de acusaciones enturbian el debate, como una melaza que obstruye la visi\u00f3n y tabica el pensamiento. Se\u00f1alar a quienes se oponen al despliegue masivo y descontrolado de centrales renovables como retardistas clim\u00e1ticos alejados de la \u00abciencia\u00bb (e incluso deslizando acusaciones de que son meros instrumentos de la industria f\u00f3sil) es tan absurdo como contraproducente. Tildar a cualquier persona que apueste por una implantaci\u00f3n acelerada de las energ\u00edas renovables (incluso a costa de ecosistemas y agrosistemas) como lacayo del oligopolio energ\u00e9tico es caricaturizar la postura, acusando muchas veces sin fundamento y obviando el crucial debate de base. M\u00faltiples informes ad-hoc (y pocos estudios independientes y serios) han servido para reforzar las posturas de unos y otros. Lo \u00fanico que saco en claro es que, por una parte, existe una <strong>falta de comprensi\u00f3n de la magnitud de la transici\u00f3n energ\u00e9tica<\/strong> que debemos abordar s\u00ed o s\u00ed en el corto plazo; y por el otro, un sangrante desconocimiento de las bases f\u00edsicas de nuestra existencia, de lo que es y significa la biodiversidad.<\/p>\n<p>\u00bfC\u00f3mo salimos de este laberinto? \u00bfC\u00f3mo nos ponemos de acuerdo? Partiendo de lo m\u00e1s elemental. Uno, que<strong> la ciencia no nos dicta lo que hay o no que hacer<\/strong>. S\u00f3lo quien desconoce qu\u00e9 es y de qu\u00e9 se ocupa la epistemolog\u00eda puede afirmarlo tajante, y sin pensar hacia qu\u00e9 oscuros caminos nos conduce ese razonamiento; la ciencia (si es que existe \u00abla ciencia\u00bb), en este caso, nos ofrece escenarios y posibilidades con un grado variable de certezas. Dos, que las decisiones que tomemos en base a esos datos cient\u00edficos son igualmente leg\u00edtimas: lo es tanto plantear un tapiz de placas solares sin atender a ning\u00fan otro factor que no sea la maximizaci\u00f3n de la energ\u00eda producida, como decidir no tocar un cent\u00edmetro cuadrado de suelo agr\u00edcola o forestal. Tres, que <strong>legitimidad no es igual a conveniencia, justicia o bienestar<\/strong>. Cuatro, que esta elecci\u00f3n debe producirse por parte de una sociedad informada y capaz de decidir su propio destino.<\/p>\n<p>Mientras se perciba esta transici\u00f3n como un mero cambio de enchufe, del cual se beneficiar\u00e1n las empresas que nos han tra\u00eddo hasta este abismo civilizatorio, habr\u00e1 un porcentaje importante de poblaci\u00f3n y territorios enteros que no transigir\u00e1n con ella. Da lo mismo que se les presenten tablas con toneladas de di\u00f3xido de carbono y megavatios producidos<strong> si sienten que ello no tiene ning\u00fan impacto positivo en su vida y en su entorno<\/strong>. Si ven c\u00f3mo \u00fanicamente se dedican a nutrir a las urbes, en un esfuerzo sin fin por tratar de saciar su glotoner\u00eda energ\u00e9tica. El relato es aqu\u00ed m\u00e1s importante que la frialdad de los datos, puesto que esta oposici\u00f3n es humana, previsible, leg\u00edtima.<\/p>\n<p>\u00bfBastar\u00e1 con revestir de placas solares los edificios residenciales, los pol\u00edgonos industriales, las grandes avenidas, los cementerios y los p\u00e1rquines? Es posible que no, y as\u00ed lo indican algunos estudios solventes, pero<strong> el derecho como sociedad a hacernos esa pregunta <\/strong>s\u00f3lo lo adquiriremos cuando entendamos que la salida de este laberinto la indican los r\u00f3tulos luminosos de la justicia, el territorio y las personas, no el cegador chisporroteo de los megavatios verdes.<\/p>\n<\/div>\n<p style=\"text-align: center;\">_ _ _<\/p>\n<p>Siento haberte cogido prestadas estas palabras Andreu, pero creo que es el mejor texto que he le\u00eddo hasta el momento sobre la encrucijada dial\u00f3gica en la que nos encontramos compa\u00f1eros de varias disciplinas cient\u00edficas. Aunque buscamos <strong>lo mismo<\/strong>, adaptarnos al cambio que se aviene, terminamos poni\u00e9ndonos en contra y creyendo que somos opuestos en vez de apoyos con puntos de vista <strong>complementarios<\/strong>, donde lo \u00fanico que nos separa es la percepci\u00f3n de la ESCALA a la que creemos que las renovables pueden resolver el problema. Me han llamado retardista y que personas como Antonio Turiel o a Alicia Valero son instrumentos de la industria f\u00f3sil, (dif\u00edcil lo veo cuando compruebas c\u00f3mo viven y las acciones constantes que hacen que les perfilan claramente como\u00a0 anticapitalistas). Luchan\u00a0 en su tiempo libre y sin percibir retribuci\u00f3n econ\u00f3mica (ya que son funcionarios p\u00fablicos) por hacer una transici\u00f3n a las renovables, si, pero una realista, junto a una transici\u00f3n tambi\u00e9n a un modelo de consumo mucho m\u00e1s humilde y a la que podamos acceder todas las poblaciones de la Tierra, no s\u00f3lo las afortunadas que les toc\u00f3 vivir en la mitad norte del planeta. Pero ya por eso somos retardistas&#8230; porque manifestamos abiertamente que no va a venir nadie a salvarnos para que podamos seguir teniendo coche propio, ir en manga corta en invierno en casa, y que todas estas medidas lo \u00fanico que van a hacer es <strong>RETARDAR<\/strong> lo inevitable un poquito m\u00e1s, teniendo la falsa certeza de que la tecnolog\u00eda lo resolver\u00e1 todo. \u00bfVes como al final nos unen m\u00e1s cosas que las que nos separan? Al final todos somos retardistas.<\/p>\n<p>&nbsp;<\/p>\n<p>&nbsp;<\/p>\n<p>&nbsp;<\/p>\n","protected":false},"excerpt":{"rendered":"<p>Hoy quiero compartiros un reportaje period\u00edstico de Andreu Esriv\u00e1 (licenciado en Ciencias Ambientales, m\u00e1ster en Biodiversidad y Conservaci\u00f3n de Ecosistemas y doctor en Biodiversidad por [&hellip;]<\/p>\n","protected":false},"author":2,"featured_media":7162,"comment_status":"open","ping_status":"open","sticky":false,"template":"","format":"standard","meta":{"_bbp_topic_count":0,"_bbp_reply_count":0,"_bbp_total_topic_count":0,"_bbp_total_reply_count":0,"_bbp_voice_count":0,"_bbp_anonymous_reply_count":0,"_bbp_topic_count_hidden":0,"_bbp_reply_count_hidden":0,"_bbp_forum_subforum_count":0,"footnotes":""},"categories":[78,65,3,1],"tags":[163,48,164,162,160,161,159],"class_list":["post-7156","post","type-post","status-publish","format-standard","has-post-thumbnail","hentry","category-biodiversidad","category-crisis-climatica","category-naturaleza","category-sin-categoria","tag-ayudas-a-las-renovables","tag-cambio-climatico","tag-ecologoa","tag-politicas-climaticas","tag-renovables","tag-retardistas","tag-transicion-ecologica"],"yoast_head":"<!-- This site is optimized with the Yoast SEO plugin v23.9 - https:\/\/yoast.com\/wordpress\/plugins\/seo\/ -->\n<title>EL LABERINTO DE LA TRANSICI\u00d3N ECOL\u00d3GICA - Metam\u00f3rfica<\/title>\n<meta name=\"robots\" content=\"index, follow, max-snippet:-1, max-image-preview:large, max-video-preview:-1\" \/>\n<link rel=\"canonical\" href=\"https:\/\/metamorfica.info\/index.php\/2025\/01\/10\/el-laberinto-de-la-transicion-ecologica\/\" \/>\n<meta property=\"og:locale\" content=\"es_ES\" \/>\n<meta property=\"og:type\" content=\"article\" \/>\n<meta property=\"og:title\" content=\"EL LABERINTO DE LA TRANSICI\u00d3N ECOL\u00d3GICA - Metam\u00f3rfica\" \/>\n<meta property=\"og:description\" content=\"Hoy quiero compartiros un reportaje period\u00edstico de Andreu Esriv\u00e1 (licenciado en Ciencias Ambientales, m\u00e1ster en Biodiversidad y Conservaci\u00f3n de Ecosistemas y doctor en Biodiversidad por [&hellip;]\" \/>\n<meta property=\"og:url\" content=\"https:\/\/metamorfica.info\/index.php\/2025\/01\/10\/el-laberinto-de-la-transicion-ecologica\/\" \/>\n<meta property=\"og:site_name\" content=\"Metam\u00f3rfica\" \/>\n<meta property=\"article:published_time\" content=\"2025-01-10T17:37:49+00:00\" \/>\n<meta property=\"article:modified_time\" content=\"2025-01-29T17:47:36+00:00\" \/>\n<meta property=\"og:image\" content=\"https:\/\/metamorfica.info\/wp-content\/uploads\/2025\/01\/transicion-ecologica-incotec.jpg\" \/>\n\t<meta property=\"og:image:width\" content=\"900\" \/>\n\t<meta property=\"og:image:height\" content=\"499\" \/>\n\t<meta property=\"og:image:type\" content=\"image\/jpeg\" \/>\n<meta name=\"author\" content=\"Carolina\" \/>\n<meta name=\"twitter:card\" content=\"summary_large_image\" \/>\n<meta name=\"twitter:creator\" content=\"@Carolinametamorfica\" \/>\n<meta name=\"twitter:site\" content=\"@Carolinametamorfica\" \/>\n<meta name=\"twitter:label1\" content=\"Escrito por\" \/>\n\t<meta name=\"twitter:data1\" content=\"Carolina\" \/>\n\t<meta name=\"twitter:label2\" content=\"Tiempo de lectura\" \/>\n\t<meta name=\"twitter:data2\" content=\"8 minutos\" \/>\n<script type=\"application\/ld+json\" class=\"yoast-schema-graph\">{\"@context\":\"https:\/\/schema.org\",\"@graph\":[{\"@type\":\"Article\",\"@id\":\"https:\/\/metamorfica.info\/index.php\/2025\/01\/10\/el-laberinto-de-la-transicion-ecologica\/#article\",\"isPartOf\":{\"@id\":\"https:\/\/metamorfica.info\/index.php\/2025\/01\/10\/el-laberinto-de-la-transicion-ecologica\/\"},\"author\":{\"name\":\"Carolina\",\"@id\":\"https:\/\/metamorfica.info\/#\/schema\/person\/80b1d759d3d5c01d4073b6a361fde0d4\"},\"headline\":\"EL LABERINTO DE LA TRANSICI\u00d3N ECOL\u00d3GICA\",\"datePublished\":\"2025-01-10T17:37:49+00:00\",\"dateModified\":\"2025-01-29T17:47:36+00:00\",\"mainEntityOfPage\":{\"@id\":\"https:\/\/metamorfica.info\/index.php\/2025\/01\/10\/el-laberinto-de-la-transicion-ecologica\/\"},\"wordCount\":1666,\"commentCount\":0,\"publisher\":{\"@id\":\"https:\/\/metamorfica.info\/#\/schema\/person\/80b1d759d3d5c01d4073b6a361fde0d4\"},\"image\":{\"@id\":\"https:\/\/metamorfica.info\/index.php\/2025\/01\/10\/el-laberinto-de-la-transicion-ecologica\/#primaryimage\"},\"thumbnailUrl\":\"https:\/\/metamorfica.info\/wp-content\/uploads\/2025\/01\/transicion-ecologica-incotec.jpg\",\"keywords\":[\"ayudas a las renovables\",\"cambio climatico\",\"ecolog\u00f3a\",\"politicas clim\u00e1ticas\",\"renovables\",\"retardistas\",\"transici\u00f3n ecol\u00f3gica\"],\"articleSection\":[\"Biodiversidad\",\"Crisis Clim\u00e1tica\",\"Naturaleza\",\"Sin Categoria\"],\"inLanguage\":\"es\",\"potentialAction\":[{\"@type\":\"CommentAction\",\"name\":\"Comment\",\"target\":[\"https:\/\/metamorfica.info\/index.php\/2025\/01\/10\/el-laberinto-de-la-transicion-ecologica\/#respond\"]}]},{\"@type\":\"WebPage\",\"@id\":\"https:\/\/metamorfica.info\/index.php\/2025\/01\/10\/el-laberinto-de-la-transicion-ecologica\/\",\"url\":\"https:\/\/metamorfica.info\/index.php\/2025\/01\/10\/el-laberinto-de-la-transicion-ecologica\/\",\"name\":\"EL LABERINTO DE LA TRANSICI\u00d3N ECOL\u00d3GICA - Metam\u00f3rfica\",\"isPartOf\":{\"@id\":\"https:\/\/metamorfica.info\/#website\"},\"primaryImageOfPage\":{\"@id\":\"https:\/\/metamorfica.info\/index.php\/2025\/01\/10\/el-laberinto-de-la-transicion-ecologica\/#primaryimage\"},\"image\":{\"@id\":\"https:\/\/metamorfica.info\/index.php\/2025\/01\/10\/el-laberinto-de-la-transicion-ecologica\/#primaryimage\"},\"thumbnailUrl\":\"https:\/\/metamorfica.info\/wp-content\/uploads\/2025\/01\/transicion-ecologica-incotec.jpg\",\"datePublished\":\"2025-01-10T17:37:49+00:00\",\"dateModified\":\"2025-01-29T17:47:36+00:00\",\"breadcrumb\":{\"@id\":\"https:\/\/metamorfica.info\/index.php\/2025\/01\/10\/el-laberinto-de-la-transicion-ecologica\/#breadcrumb\"},\"inLanguage\":\"es\",\"potentialAction\":[{\"@type\":\"ReadAction\",\"target\":[\"https:\/\/metamorfica.info\/index.php\/2025\/01\/10\/el-laberinto-de-la-transicion-ecologica\/\"]}]},{\"@type\":\"ImageObject\",\"inLanguage\":\"es\",\"@id\":\"https:\/\/metamorfica.info\/index.php\/2025\/01\/10\/el-laberinto-de-la-transicion-ecologica\/#primaryimage\",\"url\":\"https:\/\/metamorfica.info\/wp-content\/uploads\/2025\/01\/transicion-ecologica-incotec.jpg\",\"contentUrl\":\"https:\/\/metamorfica.info\/wp-content\/uploads\/2025\/01\/transicion-ecologica-incotec.jpg\",\"width\":900,\"height\":499},{\"@type\":\"BreadcrumbList\",\"@id\":\"https:\/\/metamorfica.info\/index.php\/2025\/01\/10\/el-laberinto-de-la-transicion-ecologica\/#breadcrumb\",\"itemListElement\":[{\"@type\":\"ListItem\",\"position\":1,\"name\":\"Portada\",\"item\":\"https:\/\/metamorfica.info\/\"},{\"@type\":\"ListItem\",\"position\":2,\"name\":\"EL LABERINTO DE LA TRANSICI\u00d3N ECOL\u00d3GICA\"}]},{\"@type\":\"WebSite\",\"@id\":\"https:\/\/metamorfica.info\/#website\",\"url\":\"https:\/\/metamorfica.info\/\",\"name\":\"Metam\u00f3rfica\",\"description\":\"\u00bfSabremos adaptarnos a los cambios de nuestro planeta?\",\"publisher\":{\"@id\":\"https:\/\/metamorfica.info\/#\/schema\/person\/80b1d759d3d5c01d4073b6a361fde0d4\"},\"potentialAction\":[{\"@type\":\"SearchAction\",\"target\":{\"@type\":\"EntryPoint\",\"urlTemplate\":\"https:\/\/metamorfica.info\/?s={search_term_string}\"},\"query-input\":{\"@type\":\"PropertyValueSpecification\",\"valueRequired\":true,\"valueName\":\"search_term_string\"}}],\"inLanguage\":\"es\"},{\"@type\":[\"Person\",\"Organization\"],\"@id\":\"https:\/\/metamorfica.info\/#\/schema\/person\/80b1d759d3d5c01d4073b6a361fde0d4\",\"name\":\"Carolina\",\"image\":{\"@type\":\"ImageObject\",\"inLanguage\":\"es\",\"@id\":\"https:\/\/metamorfica.info\/#\/schema\/person\/image\/\",\"url\":\"https:\/\/metamorfica.info\/wp-content\/uploads\/2021\/03\/MetamoI\u0081rfica-Home.png\",\"contentUrl\":\"https:\/\/metamorfica.info\/wp-content\/uploads\/2021\/03\/MetamoI\u0081rfica-Home.png\",\"width\":1064,\"height\":454,\"caption\":\"Carolina\"},\"logo\":{\"@id\":\"https:\/\/metamorfica.info\/#\/schema\/person\/image\/\"},\"description\":\"Educadora ambiental que descubri\u00f3 que ning\u00fan cambio es perdurable si no se inicia desde la coherencia entre pensamiento-palabra-emoci\u00f3n-accion.\",\"sameAs\":[\"http:\/\/www.metamorfica.info\",\"https:\/\/x.com\/Carolinametamorfica\"],\"url\":\"https:\/\/metamorfica.info\/index.php\/author\/carolina\/\"}]}<\/script>\n<!-- \/ Yoast SEO plugin. -->","yoast_head_json":{"title":"EL LABERINTO DE LA TRANSICI\u00d3N ECOL\u00d3GICA - Metam\u00f3rfica","robots":{"index":"index","follow":"follow","max-snippet":"max-snippet:-1","max-image-preview":"max-image-preview:large","max-video-preview":"max-video-preview:-1"},"canonical":"https:\/\/metamorfica.info\/index.php\/2025\/01\/10\/el-laberinto-de-la-transicion-ecologica\/","og_locale":"es_ES","og_type":"article","og_title":"EL LABERINTO DE LA TRANSICI\u00d3N ECOL\u00d3GICA - Metam\u00f3rfica","og_description":"Hoy quiero compartiros un reportaje period\u00edstico de Andreu Esriv\u00e1 (licenciado en Ciencias Ambientales, m\u00e1ster en Biodiversidad y Conservaci\u00f3n de Ecosistemas y doctor en Biodiversidad por [&hellip;]","og_url":"https:\/\/metamorfica.info\/index.php\/2025\/01\/10\/el-laberinto-de-la-transicion-ecologica\/","og_site_name":"Metam\u00f3rfica","article_published_time":"2025-01-10T17:37:49+00:00","article_modified_time":"2025-01-29T17:47:36+00:00","og_image":[{"width":900,"height":499,"url":"https:\/\/metamorfica.info\/wp-content\/uploads\/2025\/01\/transicion-ecologica-incotec.jpg","type":"image\/jpeg"}],"author":"Carolina","twitter_card":"summary_large_image","twitter_creator":"@Carolinametamorfica","twitter_site":"@Carolinametamorfica","twitter_misc":{"Escrito por":"Carolina","Tiempo de lectura":"8 minutos"},"schema":{"@context":"https:\/\/schema.org","@graph":[{"@type":"Article","@id":"https:\/\/metamorfica.info\/index.php\/2025\/01\/10\/el-laberinto-de-la-transicion-ecologica\/#article","isPartOf":{"@id":"https:\/\/metamorfica.info\/index.php\/2025\/01\/10\/el-laberinto-de-la-transicion-ecologica\/"},"author":{"name":"Carolina","@id":"https:\/\/metamorfica.info\/#\/schema\/person\/80b1d759d3d5c01d4073b6a361fde0d4"},"headline":"EL LABERINTO DE LA TRANSICI\u00d3N ECOL\u00d3GICA","datePublished":"2025-01-10T17:37:49+00:00","dateModified":"2025-01-29T17:47:36+00:00","mainEntityOfPage":{"@id":"https:\/\/metamorfica.info\/index.php\/2025\/01\/10\/el-laberinto-de-la-transicion-ecologica\/"},"wordCount":1666,"commentCount":0,"publisher":{"@id":"https:\/\/metamorfica.info\/#\/schema\/person\/80b1d759d3d5c01d4073b6a361fde0d4"},"image":{"@id":"https:\/\/metamorfica.info\/index.php\/2025\/01\/10\/el-laberinto-de-la-transicion-ecologica\/#primaryimage"},"thumbnailUrl":"https:\/\/metamorfica.info\/wp-content\/uploads\/2025\/01\/transicion-ecologica-incotec.jpg","keywords":["ayudas a las renovables","cambio climatico","ecolog\u00f3a","politicas clim\u00e1ticas","renovables","retardistas","transici\u00f3n ecol\u00f3gica"],"articleSection":["Biodiversidad","Crisis Clim\u00e1tica","Naturaleza","Sin Categoria"],"inLanguage":"es","potentialAction":[{"@type":"CommentAction","name":"Comment","target":["https:\/\/metamorfica.info\/index.php\/2025\/01\/10\/el-laberinto-de-la-transicion-ecologica\/#respond"]}]},{"@type":"WebPage","@id":"https:\/\/metamorfica.info\/index.php\/2025\/01\/10\/el-laberinto-de-la-transicion-ecologica\/","url":"https:\/\/metamorfica.info\/index.php\/2025\/01\/10\/el-laberinto-de-la-transicion-ecologica\/","name":"EL LABERINTO DE LA TRANSICI\u00d3N ECOL\u00d3GICA - Metam\u00f3rfica","isPartOf":{"@id":"https:\/\/metamorfica.info\/#website"},"primaryImageOfPage":{"@id":"https:\/\/metamorfica.info\/index.php\/2025\/01\/10\/el-laberinto-de-la-transicion-ecologica\/#primaryimage"},"image":{"@id":"https:\/\/metamorfica.info\/index.php\/2025\/01\/10\/el-laberinto-de-la-transicion-ecologica\/#primaryimage"},"thumbnailUrl":"https:\/\/metamorfica.info\/wp-content\/uploads\/2025\/01\/transicion-ecologica-incotec.jpg","datePublished":"2025-01-10T17:37:49+00:00","dateModified":"2025-01-29T17:47:36+00:00","breadcrumb":{"@id":"https:\/\/metamorfica.info\/index.php\/2025\/01\/10\/el-laberinto-de-la-transicion-ecologica\/#breadcrumb"},"inLanguage":"es","potentialAction":[{"@type":"ReadAction","target":["https:\/\/metamorfica.info\/index.php\/2025\/01\/10\/el-laberinto-de-la-transicion-ecologica\/"]}]},{"@type":"ImageObject","inLanguage":"es","@id":"https:\/\/metamorfica.info\/index.php\/2025\/01\/10\/el-laberinto-de-la-transicion-ecologica\/#primaryimage","url":"https:\/\/metamorfica.info\/wp-content\/uploads\/2025\/01\/transicion-ecologica-incotec.jpg","contentUrl":"https:\/\/metamorfica.info\/wp-content\/uploads\/2025\/01\/transicion-ecologica-incotec.jpg","width":900,"height":499},{"@type":"BreadcrumbList","@id":"https:\/\/metamorfica.info\/index.php\/2025\/01\/10\/el-laberinto-de-la-transicion-ecologica\/#breadcrumb","itemListElement":[{"@type":"ListItem","position":1,"name":"Portada","item":"https:\/\/metamorfica.info\/"},{"@type":"ListItem","position":2,"name":"EL LABERINTO DE LA TRANSICI\u00d3N ECOL\u00d3GICA"}]},{"@type":"WebSite","@id":"https:\/\/metamorfica.info\/#website","url":"https:\/\/metamorfica.info\/","name":"Metam\u00f3rfica","description":"\u00bfSabremos adaptarnos a los cambios de nuestro planeta?","publisher":{"@id":"https:\/\/metamorfica.info\/#\/schema\/person\/80b1d759d3d5c01d4073b6a361fde0d4"},"potentialAction":[{"@type":"SearchAction","target":{"@type":"EntryPoint","urlTemplate":"https:\/\/metamorfica.info\/?s={search_term_string}"},"query-input":{"@type":"PropertyValueSpecification","valueRequired":true,"valueName":"search_term_string"}}],"inLanguage":"es"},{"@type":["Person","Organization"],"@id":"https:\/\/metamorfica.info\/#\/schema\/person\/80b1d759d3d5c01d4073b6a361fde0d4","name":"Carolina","image":{"@type":"ImageObject","inLanguage":"es","@id":"https:\/\/metamorfica.info\/#\/schema\/person\/image\/","url":"https:\/\/metamorfica.info\/wp-content\/uploads\/2021\/03\/MetamoI\u0081rfica-Home.png","contentUrl":"https:\/\/metamorfica.info\/wp-content\/uploads\/2021\/03\/MetamoI\u0081rfica-Home.png","width":1064,"height":454,"caption":"Carolina"},"logo":{"@id":"https:\/\/metamorfica.info\/#\/schema\/person\/image\/"},"description":"Educadora ambiental que descubri\u00f3 que ning\u00fan cambio es perdurable si no se inicia desde la coherencia entre pensamiento-palabra-emoci\u00f3n-accion.","sameAs":["http:\/\/www.metamorfica.info","https:\/\/x.com\/Carolinametamorfica"],"url":"https:\/\/metamorfica.info\/index.php\/author\/carolina\/"}]}},"_links":{"self":[{"href":"https:\/\/metamorfica.info\/index.php\/wp-json\/wp\/v2\/posts\/7156","targetHints":{"allow":["GET"]}}],"collection":[{"href":"https:\/\/metamorfica.info\/index.php\/wp-json\/wp\/v2\/posts"}],"about":[{"href":"https:\/\/metamorfica.info\/index.php\/wp-json\/wp\/v2\/types\/post"}],"author":[{"embeddable":true,"href":"https:\/\/metamorfica.info\/index.php\/wp-json\/wp\/v2\/users\/2"}],"replies":[{"embeddable":true,"href":"https:\/\/metamorfica.info\/index.php\/wp-json\/wp\/v2\/comments?post=7156"}],"version-history":[{"count":4,"href":"https:\/\/metamorfica.info\/index.php\/wp-json\/wp\/v2\/posts\/7156\/revisions"}],"predecessor-version":[{"id":7161,"href":"https:\/\/metamorfica.info\/index.php\/wp-json\/wp\/v2\/posts\/7156\/revisions\/7161"}],"wp:featuredmedia":[{"embeddable":true,"href":"https:\/\/metamorfica.info\/index.php\/wp-json\/wp\/v2\/media\/7162"}],"wp:attachment":[{"href":"https:\/\/metamorfica.info\/index.php\/wp-json\/wp\/v2\/media?parent=7156"}],"wp:term":[{"taxonomy":"category","embeddable":true,"href":"https:\/\/metamorfica.info\/index.php\/wp-json\/wp\/v2\/categories?post=7156"},{"taxonomy":"post_tag","embeddable":true,"href":"https:\/\/metamorfica.info\/index.php\/wp-json\/wp\/v2\/tags?post=7156"}],"curies":[{"name":"wp","href":"https:\/\/api.w.org\/{rel}","templated":true}]}}