{"id":4154,"date":"2023-02-09T12:14:00","date_gmt":"2023-02-09T11:14:00","guid":{"rendered":"https:\/\/metamorfica.info\/?p=4154"},"modified":"2024-07-18T14:36:18","modified_gmt":"2024-07-18T12:36:18","slug":"es-cierto-que-las-abejas-estan-desapareciendo","status":"publish","type":"post","link":"https:\/\/metamorfica.info\/index.php\/2023\/02\/09\/es-cierto-que-las-abejas-estan-desapareciendo\/","title":{"rendered":"LA EXTINCI\u00d3N DE LAS ABEJAS"},"content":{"rendered":"\n<p class=\"has-normal-font-size\">Foto: MabelAmber \/ Pixabay<\/p>\n\n\n\n<p><\/p>\n\n\n\n<p class=\"has-text-align-center has-text-color has-large-font-size\" style=\"color:#7edb0b\"><strong>Una posibilidad cada vez m\u00e1s cercana<\/strong><\/p>\n\n\n\n<p class=\"has-text-align-center has-large-font-size\"><strong>\u00bfA qu\u00e9 se debe principalmente?<\/strong><\/p>\n\n\n\n<p style=\"font-size:17px\">La respuesta es bastante larga y compleja, pero b\u00e1sicamente se resume en una sumatoria de diversas meteduras de pata por parte del ser humano que han conflu\u00eddo en cambiar sus h\u00e1bitats he introducir nuevos pat\u00f3genos. Estos dos factores, no tendr\u00edan que haber sido tan mortales si no fuera porque han sucedido en tan poco tiempo (en los \u00faltimos 50 a\u00f1os) que no est\u00e1 siendo posible que puedan llegar a mutar o adaptarse a esta nueva situaci\u00f3n.<\/p>\n\n\n\n<p class=\"has-text-align-center has-large-font-size\"><strong>\u00bfCu\u00e1les son esos cambios?<\/strong><\/p>\n\n\n\n<p class=\"has-text-align-center\" style=\"font-size:17px\">-T<strong>ras la revoluci\u00f3n \u00abverde\u00bb<\/strong> (curiosos que eligieran ese nombre para aludir a la revoluci\u00f3n industrial aplicada a la agricultura y ganader\u00eda&#8230;que lo ha puesto todo m\u00e1s bien gris oscuro, casi negro&#8230;.), l<strong>os monocultivos extensivos predominan durante hect\u00e1reas<\/strong>. Lo que hace que las abejas tengan que recorrer mucha m\u00e1s distancia para conseguir una adecuada diversidad de nutrientes. Como nos pasa a nosotros; mantener una dieta sana, variada y equilibrada nos mantiene un sistema inmune fuerte. Pues a las abejas les ocurre lo mismo, necesitan libar al menos de 5 flores diferentes para mantener su sistema inmune en buenas condiciones. Esto se les dificulta mucho al tenerlo que buscar en cultivos extensivos de s\u00f3lo un tipo de planta.<\/p>\n\n\n\n<p style=\"font-size:17px\">&#8211;<strong>Cambio clim\u00e1tico<\/strong>. El cu\u00e1l reduce la disponibilidad de agua (humedales) donde las abejas reponen l\u00edquidos para poder seguir buscando buenos sitios con flores diferentes.<\/p>\n\n\n\n<p style=\"font-size:17px\">&#8211;<strong>La Varroa<\/strong>. Un \u00e1caro que introdujimos en nuestro ecosistema sobre el a\u00f1o 1985 y que mata a las abejas.<\/p>\n\n\n\n<p style=\"font-size:17px\">&#8211;<strong>Pesticidas, herbicidas y fertilizantes qu\u00edmicos<\/strong>. Todos ellos se acumulan en el organismo de las abejas haci\u00e9ndolas enfermar y morir. Las provisiones de miel no son suficientes para pasar el invierno y toda la colmena termina muriendo.<\/p>\n\n\n\n<p class=\"has-text-align-center has-large-font-size\"><strong>\u00bfY en qu\u00e9 nos afecta a los seres humanos?<\/strong><\/p>\n\n\n\n<p style=\"font-size:17px\"><strong>Nos afecta en todo<\/strong><\/p>\n\n\n\n<p style=\"font-size:17px\">Las abejas transforman las flores en frutos, es decir en las peras, manzanas, tomates, pepinos ( y un sin f\u00edn m\u00e1s de frutas y verduras) que encuentras en tu s\u00faper mercado en la tiendita de tu barrio. Pero no s\u00f3lo nos afecta a nivel alimenticio sino tambi\u00e9n paisaj\u00edstico. Ellas se encargan de mantener gran parte de la productividad y variablidad del planeta, de las flores y \u00e1rboles que vemos en la Naturaleza y por tanto de fabricar la comida de otros muchos animales que desaparecer\u00edan tambi\u00e9n sin ellas. Nuestros paseos por el campo ser\u00edan muy distintos sin abejas&#8230;<\/p>\n\n\n\n<p class=\"has-text-align-center has-large-font-size\"><strong>La situaci\u00f3n es tan grabe que:<\/strong><\/p>\n\n\n\n<p style=\"font-size:17px\">1. <strong>Ya hay empresas que fabrican abejorros<\/strong> para polinizar los cultivos (pero eso abejorros se producen en EEUU y est\u00e1n lejos de ser una soluci\u00f3n, pues son especies que se introducen en ecosistemas que no les corresponden, creando nuevos problemas y desastres ambientales.<\/p>\n\n\n\n<p style=\"font-size:17px\">2. <strong>En China llevan varios a\u00f1os polinizando a mano<\/strong>, con pinceles, sus cultivos porque tienen ya muy pocas abejas. Pero este sistema es tremendamente ineficiente en comparaci\u00f3n a la maravillosa preparaci\u00f3n milenaria que tienen estos insectos.<\/p>\n\n\n\n<p style=\"font-size:17px\">3. <strong>Se est\u00e1n dise\u00f1ando Drones que hagan esta funci\u00f3n.<\/strong> Cuando la tecnolog\u00eda entra en juego, es porque hay miles de millones de beneficio econ\u00f3mico. Se est\u00e1 empezando a monetizar el trabajo que la Naturaleza siempre hizo gratis para nosotrxs, \u00bfy eso qu\u00e9 significa? que de una u otra manera lo vamos a costear los consumidores cuando veamos que nuestra cesta de la compra ya no cuesta lo de siempre&#8230;sino que puede que sea un 20% m\u00e1s cara.<\/p>\n\n\n\n<p class=\"has-text-align-center\" style=\"font-size:21px\">Es un tema escalofriante, pero es la situaci\u00f3n real actual.  No es justo para las abejas ni para todos los seres del planeta \u00abendulzar\u00bb su situaci\u00f3n.<\/p>\n\n\n\n<p class=\"has-text-align-center has-text-color has-large-font-size\" style=\"color:#7edb0b\">Para quienes quer\u00e1is seguir profundizando os dejo una entrevista preciosa, hecha por ni\u00f1os a un gran profesional de las abejas Gerardo P\u00e9rez, que lleva El Museo de las Abejas en Poyales del Hoyo, \u00c1vila. <\/p>\n\n\n\n<p style=\"font-size:17px\">Os recomiendo sin ninguna duda a que vay\u00e1is a visitarle porque ofrecen charlas de 2h de duraci\u00f3n donde aprendes much\u00edsimo sobre las abejas, su situaci\u00f3n, su organizaci\u00f3n y c\u00f3mo ayudar a su conservaci\u00f3n. Es una visita apta para adultos solos o con peques (se quedan clavados a la silla durante esas 2h, Gerardo consigue lo que parece imposible, jeje). Es tan incre\u00edble el material que ha creado y lo que cuenta que no es para menos que no querer parpadear para no perderse nada.<\/p>\n\n\n\n<p class=\"has-text-align-center has-text-color\" style=\"color:#7edb0b;font-size:22px\"><em><a href=\"https:\/\/planesconhijos.com\/ciencia-para-ninos\/museo-las-abejas-poyales-del-hoyo-avila\/\"><strong>AQU\u00cd <\/strong>os paso m\u00e1s info sobre el Museo de las Abejas<\/a><\/em><\/p>\n\n\n\n<p class=\"has-text-align-center\" style=\"font-size:17px\">Y ahora la entrevista que le hicieron los del BBVA (los bancos est\u00e1n intentando limpiar su imagen despu\u00e9s de haber respaldado durante a\u00f1os la revoluci\u00f3n verde).<\/p>\n\n\n\n<p class=\"has-text-align-center\" style=\"font-size:17px\"> Al menos, nos aseguramos de que llegue a m\u00e1s personas que si lo hiciera una organizaci\u00f3n con menos medios. Todo tiene su cara y su cruz\u2026 pero es importante no olvidarse de qu\u00e9 mueve el mundo, todav\u00eda.<\/p>\n\n\n\n<p class=\"has-text-align-center has-text-color has-large-font-size\" style=\"color:#7edb0b\">LAS ABEJAS, UNA SOCIEDAD FASCINANTE POR DESCUBRIR<\/p>\n\n\n\n<figure class=\"wp-block-embed is-type-rich is-provider-gestor-del-servicio wp-block-embed-gestor-del-servicio wp-embed-aspect-16-9 wp-has-aspect-ratio\"><div class=\"wp-block-embed__wrapper\">\n<iframe loading=\"lazy\" title=\"V. Completa. Las abejas, una sociedad fascinante por descubrir. Gerardo P\u00e9rez, apicultor y maestro\" width=\"500\" height=\"281\" src=\"https:\/\/www.youtube.com\/embed\/qacblW6xxAc?feature=oembed\" frameborder=\"0\" allow=\"accelerometer; autoplay; clipboard-write; encrypted-media; gyroscope; picture-in-picture; web-share\" referrerpolicy=\"strict-origin-when-cross-origin\" allowfullscreen><\/iframe>\n<\/div><\/figure>\n\n\n\n<br>\n\n\n\n<p class=\"has-text-align-center\" style=\"font-size:17px\">Tambi\u00e9n os dejo un documental emitido por el Escarabajo Verde: <\/p>\n\n\n\n<p class=\"has-text-align-center has-text-color has-large-font-size\" style=\"color:#7edb0b\">\u00abUN MUNDO SIN ABEJAS\u00bb <\/p>\n\n\n\n<figure class=\"wp-block-embed is-type-rich is-provider-gestor-del-servicio wp-block-embed-gestor-del-servicio wp-embed-aspect-4-3 wp-has-aspect-ratio\"><div class=\"wp-block-embed__wrapper\">\n<iframe loading=\"lazy\" title=\"Un mundo sin abejas-TVE-&#039;El Escarabajo Verde&#039;\" width=\"500\" height=\"375\" src=\"https:\/\/www.youtube.com\/embed\/wGhElONAUDw?feature=oembed\" frameborder=\"0\" allow=\"accelerometer; autoplay; clipboard-write; encrypted-media; gyroscope; picture-in-picture; web-share\" referrerpolicy=\"strict-origin-when-cross-origin\" allowfullscreen><\/iframe>\n<\/div><\/figure>\n\n\n\n<p><\/p>\n\n\n\n<p class=\"has-text-align-center\">Hay muchas cosas que podemos hacer individual y colectivamente por las abejas, como por ejemplo dejar de consumir productos que conlleven el uso de pesticidas, herbicidas o trang\u00e9nicos. <\/p>\n\n\n\n<p class=\"has-text-align-center has-text-color\" style=\"color:#7edb0b;font-size:25px\">Entra en <a href=\"http:\/\/www.metamorfica.info\">www.metam\u00f3rfica.info<\/a> e informate del taller que imparto para transformar h\u00e1bitos de consumo sin sacrificios y sin gastar much\u00edsimo dinero.<\/p>\n\n\n\n<div class=\"wp-block-cover\" style=\"background-image:url(https:\/\/metamorfica.info\/wp-content\/uploads\/2020\/12\/Foundry.jpg);min-height:790px;background-position:40% 8%;aspect-ratio:unset;\"><div class=\"wp-block-cover__inner-container is-layout-flow wp-block-cover-is-layout-flow\">\n<p class=\"has-text-align-center has-white-color has-text-color has-large-font-size\"><a href=\"https:\/\/metamorfica.info\/index.php\/actividades\/\" data-type=\"page\" data-id=\"422\">Pincha AQU\u00cd para ver los talleres<\/a><\/p>\n<\/div><\/div>\n\n\n\n<p>Foto: Foundry \/ Pixabay<\/p>\n","protected":false},"excerpt":{"rendered":"<p>Foto: MabelAmber \/ Pixabay Una posibilidad cada vez m\u00e1s cercana \u00bfA qu\u00e9 se debe principalmente? La respuesta es bastante larga y compleja, pero b\u00e1sicamente se [&hellip;]<\/p>\n","protected":false},"author":2,"featured_media":4158,"comment_status":"open","ping_status":"open","sticky":false,"template":"","format":"standard","meta":{"_bbp_topic_count":0,"_bbp_reply_count":0,"_bbp_total_topic_count":0,"_bbp_total_reply_count":0,"_bbp_voice_count":0,"_bbp_anonymous_reply_count":0,"_bbp_topic_count_hidden":0,"_bbp_reply_count_hidden":0,"_bbp_forum_subforum_count":0,"footnotes":""},"categories":[78,65,3],"tags":[114,48,118,117,115,116],"class_list":["post-4154","post","type-post","status-publish","format-standard","has-post-thumbnail","hentry","category-biodiversidad","category-crisis-climatica","category-naturaleza","tag-abejas","tag-cambio-climatico","tag-extincion","tag-lucha-biologica","tag-pesticidas","tag-transgenicos"],"yoast_head":"<!-- This site is optimized with the Yoast SEO plugin v23.9 - https:\/\/yoast.com\/wordpress\/plugins\/seo\/ -->\n<title>LA EXTINCI\u00d3N DE LAS ABEJAS - Metam\u00f3rfica<\/title>\n<meta name=\"robots\" content=\"index, follow, max-snippet:-1, max-image-preview:large, max-video-preview:-1\" \/>\n<link rel=\"canonical\" href=\"https:\/\/metamorfica.info\/index.php\/2023\/02\/09\/es-cierto-que-las-abejas-estan-desapareciendo\/\" \/>\n<meta property=\"og:locale\" content=\"es_ES\" \/>\n<meta property=\"og:type\" content=\"article\" \/>\n<meta property=\"og:title\" content=\"LA EXTINCI\u00d3N DE LAS ABEJAS - Metam\u00f3rfica\" \/>\n<meta property=\"og:description\" content=\"Foto: MabelAmber \/ Pixabay Una posibilidad cada vez m\u00e1s cercana \u00bfA qu\u00e9 se debe principalmente? La respuesta es bastante larga y compleja, pero b\u00e1sicamente se [&hellip;]\" \/>\n<meta property=\"og:url\" content=\"https:\/\/metamorfica.info\/index.php\/2023\/02\/09\/es-cierto-que-las-abejas-estan-desapareciendo\/\" \/>\n<meta property=\"og:site_name\" content=\"Metam\u00f3rfica\" \/>\n<meta property=\"article:published_time\" content=\"2023-02-09T11:14:00+00:00\" \/>\n<meta property=\"article:modified_time\" content=\"2024-07-18T12:36:18+00:00\" \/>\n<meta property=\"og:image\" content=\"https:\/\/metamorfica.info\/wp-content\/uploads\/2020\/12\/Mabel-Amber.jpg\" \/>\n\t<meta property=\"og:image:width\" content=\"1920\" \/>\n\t<meta property=\"og:image:height\" content=\"1281\" \/>\n\t<meta property=\"og:image:type\" content=\"image\/jpeg\" \/>\n<meta name=\"author\" content=\"Carolina\" \/>\n<meta name=\"twitter:card\" content=\"summary_large_image\" \/>\n<meta name=\"twitter:creator\" content=\"@Carolinametamorfica\" \/>\n<meta name=\"twitter:site\" content=\"@Carolinametamorfica\" \/>\n<meta name=\"twitter:label1\" content=\"Escrito por\" \/>\n\t<meta name=\"twitter:data1\" content=\"Carolina\" \/>\n\t<meta name=\"twitter:label2\" content=\"Tiempo de lectura\" \/>\n\t<meta name=\"twitter:data2\" content=\"5 minutos\" \/>\n<script type=\"application\/ld+json\" class=\"yoast-schema-graph\">{\"@context\":\"https:\/\/schema.org\",\"@graph\":[{\"@type\":\"Article\",\"@id\":\"https:\/\/metamorfica.info\/index.php\/2023\/02\/09\/es-cierto-que-las-abejas-estan-desapareciendo\/#article\",\"isPartOf\":{\"@id\":\"https:\/\/metamorfica.info\/index.php\/2023\/02\/09\/es-cierto-que-las-abejas-estan-desapareciendo\/\"},\"author\":{\"name\":\"Carolina\",\"@id\":\"https:\/\/metamorfica.info\/#\/schema\/person\/80b1d759d3d5c01d4073b6a361fde0d4\"},\"headline\":\"LA EXTINCI\u00d3N DE LAS ABEJAS\",\"datePublished\":\"2023-02-09T11:14:00+00:00\",\"dateModified\":\"2024-07-18T12:36:18+00:00\",\"mainEntityOfPage\":{\"@id\":\"https:\/\/metamorfica.info\/index.php\/2023\/02\/09\/es-cierto-que-las-abejas-estan-desapareciendo\/\"},\"wordCount\":943,\"commentCount\":0,\"publisher\":{\"@id\":\"https:\/\/metamorfica.info\/#\/schema\/person\/80b1d759d3d5c01d4073b6a361fde0d4\"},\"image\":{\"@id\":\"https:\/\/metamorfica.info\/index.php\/2023\/02\/09\/es-cierto-que-las-abejas-estan-desapareciendo\/#primaryimage\"},\"thumbnailUrl\":\"https:\/\/metamorfica.info\/wp-content\/uploads\/2020\/12\/Mabel-Amber.jpg\",\"keywords\":[\"abejas\",\"cambio climatico\",\"extinci\u00f3n\",\"lucha biol\u00f3gica\",\"pesticidas\",\"transg\u00e9nicos\"],\"articleSection\":[\"Biodiversidad\",\"Crisis Clim\u00e1tica\",\"Naturaleza\"],\"inLanguage\":\"es\",\"potentialAction\":[{\"@type\":\"CommentAction\",\"name\":\"Comment\",\"target\":[\"https:\/\/metamorfica.info\/index.php\/2023\/02\/09\/es-cierto-que-las-abejas-estan-desapareciendo\/#respond\"]}]},{\"@type\":\"WebPage\",\"@id\":\"https:\/\/metamorfica.info\/index.php\/2023\/02\/09\/es-cierto-que-las-abejas-estan-desapareciendo\/\",\"url\":\"https:\/\/metamorfica.info\/index.php\/2023\/02\/09\/es-cierto-que-las-abejas-estan-desapareciendo\/\",\"name\":\"LA EXTINCI\u00d3N DE LAS ABEJAS - Metam\u00f3rfica\",\"isPartOf\":{\"@id\":\"https:\/\/metamorfica.info\/#website\"},\"primaryImageOfPage\":{\"@id\":\"https:\/\/metamorfica.info\/index.php\/2023\/02\/09\/es-cierto-que-las-abejas-estan-desapareciendo\/#primaryimage\"},\"image\":{\"@id\":\"https:\/\/metamorfica.info\/index.php\/2023\/02\/09\/es-cierto-que-las-abejas-estan-desapareciendo\/#primaryimage\"},\"thumbnailUrl\":\"https:\/\/metamorfica.info\/wp-content\/uploads\/2020\/12\/Mabel-Amber.jpg\",\"datePublished\":\"2023-02-09T11:14:00+00:00\",\"dateModified\":\"2024-07-18T12:36:18+00:00\",\"breadcrumb\":{\"@id\":\"https:\/\/metamorfica.info\/index.php\/2023\/02\/09\/es-cierto-que-las-abejas-estan-desapareciendo\/#breadcrumb\"},\"inLanguage\":\"es\",\"potentialAction\":[{\"@type\":\"ReadAction\",\"target\":[\"https:\/\/metamorfica.info\/index.php\/2023\/02\/09\/es-cierto-que-las-abejas-estan-desapareciendo\/\"]}]},{\"@type\":\"ImageObject\",\"inLanguage\":\"es\",\"@id\":\"https:\/\/metamorfica.info\/index.php\/2023\/02\/09\/es-cierto-que-las-abejas-estan-desapareciendo\/#primaryimage\",\"url\":\"https:\/\/metamorfica.info\/wp-content\/uploads\/2020\/12\/Mabel-Amber.jpg\",\"contentUrl\":\"https:\/\/metamorfica.info\/wp-content\/uploads\/2020\/12\/Mabel-Amber.jpg\",\"width\":1920,\"height\":1281},{\"@type\":\"BreadcrumbList\",\"@id\":\"https:\/\/metamorfica.info\/index.php\/2023\/02\/09\/es-cierto-que-las-abejas-estan-desapareciendo\/#breadcrumb\",\"itemListElement\":[{\"@type\":\"ListItem\",\"position\":1,\"name\":\"Portada\",\"item\":\"https:\/\/metamorfica.info\/\"},{\"@type\":\"ListItem\",\"position\":2,\"name\":\"LA EXTINCI\u00d3N DE LAS ABEJAS\"}]},{\"@type\":\"WebSite\",\"@id\":\"https:\/\/metamorfica.info\/#website\",\"url\":\"https:\/\/metamorfica.info\/\",\"name\":\"Metam\u00f3rfica\",\"description\":\"\u00bfSabremos adaptarnos a los cambios de nuestro planeta?\",\"publisher\":{\"@id\":\"https:\/\/metamorfica.info\/#\/schema\/person\/80b1d759d3d5c01d4073b6a361fde0d4\"},\"potentialAction\":[{\"@type\":\"SearchAction\",\"target\":{\"@type\":\"EntryPoint\",\"urlTemplate\":\"https:\/\/metamorfica.info\/?s={search_term_string}\"},\"query-input\":{\"@type\":\"PropertyValueSpecification\",\"valueRequired\":true,\"valueName\":\"search_term_string\"}}],\"inLanguage\":\"es\"},{\"@type\":[\"Person\",\"Organization\"],\"@id\":\"https:\/\/metamorfica.info\/#\/schema\/person\/80b1d759d3d5c01d4073b6a361fde0d4\",\"name\":\"Carolina\",\"image\":{\"@type\":\"ImageObject\",\"inLanguage\":\"es\",\"@id\":\"https:\/\/metamorfica.info\/#\/schema\/person\/image\/\",\"url\":\"https:\/\/metamorfica.info\/wp-content\/uploads\/2021\/03\/MetamoI\u0081rfica-Home.png\",\"contentUrl\":\"https:\/\/metamorfica.info\/wp-content\/uploads\/2021\/03\/MetamoI\u0081rfica-Home.png\",\"width\":1064,\"height\":454,\"caption\":\"Carolina\"},\"logo\":{\"@id\":\"https:\/\/metamorfica.info\/#\/schema\/person\/image\/\"},\"description\":\"Educadora ambiental que descubri\u00f3 que ning\u00fan cambio es perdurable si no se inicia desde la coherencia entre pensamiento-palabra-emoci\u00f3n-accion.\",\"sameAs\":[\"http:\/\/www.metamorfica.info\",\"https:\/\/x.com\/Carolinametamorfica\"],\"url\":\"https:\/\/metamorfica.info\/index.php\/author\/carolina\/\"}]}<\/script>\n<!-- \/ Yoast SEO plugin. -->","yoast_head_json":{"title":"LA EXTINCI\u00d3N DE LAS ABEJAS - Metam\u00f3rfica","robots":{"index":"index","follow":"follow","max-snippet":"max-snippet:-1","max-image-preview":"max-image-preview:large","max-video-preview":"max-video-preview:-1"},"canonical":"https:\/\/metamorfica.info\/index.php\/2023\/02\/09\/es-cierto-que-las-abejas-estan-desapareciendo\/","og_locale":"es_ES","og_type":"article","og_title":"LA EXTINCI\u00d3N DE LAS ABEJAS - Metam\u00f3rfica","og_description":"Foto: MabelAmber \/ Pixabay Una posibilidad cada vez m\u00e1s cercana \u00bfA qu\u00e9 se debe principalmente? La respuesta es bastante larga y compleja, pero b\u00e1sicamente se [&hellip;]","og_url":"https:\/\/metamorfica.info\/index.php\/2023\/02\/09\/es-cierto-que-las-abejas-estan-desapareciendo\/","og_site_name":"Metam\u00f3rfica","article_published_time":"2023-02-09T11:14:00+00:00","article_modified_time":"2024-07-18T12:36:18+00:00","og_image":[{"width":1920,"height":1281,"url":"https:\/\/metamorfica.info\/wp-content\/uploads\/2020\/12\/Mabel-Amber.jpg","type":"image\/jpeg"}],"author":"Carolina","twitter_card":"summary_large_image","twitter_creator":"@Carolinametamorfica","twitter_site":"@Carolinametamorfica","twitter_misc":{"Escrito por":"Carolina","Tiempo de lectura":"5 minutos"},"schema":{"@context":"https:\/\/schema.org","@graph":[{"@type":"Article","@id":"https:\/\/metamorfica.info\/index.php\/2023\/02\/09\/es-cierto-que-las-abejas-estan-desapareciendo\/#article","isPartOf":{"@id":"https:\/\/metamorfica.info\/index.php\/2023\/02\/09\/es-cierto-que-las-abejas-estan-desapareciendo\/"},"author":{"name":"Carolina","@id":"https:\/\/metamorfica.info\/#\/schema\/person\/80b1d759d3d5c01d4073b6a361fde0d4"},"headline":"LA EXTINCI\u00d3N DE LAS ABEJAS","datePublished":"2023-02-09T11:14:00+00:00","dateModified":"2024-07-18T12:36:18+00:00","mainEntityOfPage":{"@id":"https:\/\/metamorfica.info\/index.php\/2023\/02\/09\/es-cierto-que-las-abejas-estan-desapareciendo\/"},"wordCount":943,"commentCount":0,"publisher":{"@id":"https:\/\/metamorfica.info\/#\/schema\/person\/80b1d759d3d5c01d4073b6a361fde0d4"},"image":{"@id":"https:\/\/metamorfica.info\/index.php\/2023\/02\/09\/es-cierto-que-las-abejas-estan-desapareciendo\/#primaryimage"},"thumbnailUrl":"https:\/\/metamorfica.info\/wp-content\/uploads\/2020\/12\/Mabel-Amber.jpg","keywords":["abejas","cambio climatico","extinci\u00f3n","lucha biol\u00f3gica","pesticidas","transg\u00e9nicos"],"articleSection":["Biodiversidad","Crisis Clim\u00e1tica","Naturaleza"],"inLanguage":"es","potentialAction":[{"@type":"CommentAction","name":"Comment","target":["https:\/\/metamorfica.info\/index.php\/2023\/02\/09\/es-cierto-que-las-abejas-estan-desapareciendo\/#respond"]}]},{"@type":"WebPage","@id":"https:\/\/metamorfica.info\/index.php\/2023\/02\/09\/es-cierto-que-las-abejas-estan-desapareciendo\/","url":"https:\/\/metamorfica.info\/index.php\/2023\/02\/09\/es-cierto-que-las-abejas-estan-desapareciendo\/","name":"LA EXTINCI\u00d3N DE LAS ABEJAS - Metam\u00f3rfica","isPartOf":{"@id":"https:\/\/metamorfica.info\/#website"},"primaryImageOfPage":{"@id":"https:\/\/metamorfica.info\/index.php\/2023\/02\/09\/es-cierto-que-las-abejas-estan-desapareciendo\/#primaryimage"},"image":{"@id":"https:\/\/metamorfica.info\/index.php\/2023\/02\/09\/es-cierto-que-las-abejas-estan-desapareciendo\/#primaryimage"},"thumbnailUrl":"https:\/\/metamorfica.info\/wp-content\/uploads\/2020\/12\/Mabel-Amber.jpg","datePublished":"2023-02-09T11:14:00+00:00","dateModified":"2024-07-18T12:36:18+00:00","breadcrumb":{"@id":"https:\/\/metamorfica.info\/index.php\/2023\/02\/09\/es-cierto-que-las-abejas-estan-desapareciendo\/#breadcrumb"},"inLanguage":"es","potentialAction":[{"@type":"ReadAction","target":["https:\/\/metamorfica.info\/index.php\/2023\/02\/09\/es-cierto-que-las-abejas-estan-desapareciendo\/"]}]},{"@type":"ImageObject","inLanguage":"es","@id":"https:\/\/metamorfica.info\/index.php\/2023\/02\/09\/es-cierto-que-las-abejas-estan-desapareciendo\/#primaryimage","url":"https:\/\/metamorfica.info\/wp-content\/uploads\/2020\/12\/Mabel-Amber.jpg","contentUrl":"https:\/\/metamorfica.info\/wp-content\/uploads\/2020\/12\/Mabel-Amber.jpg","width":1920,"height":1281},{"@type":"BreadcrumbList","@id":"https:\/\/metamorfica.info\/index.php\/2023\/02\/09\/es-cierto-que-las-abejas-estan-desapareciendo\/#breadcrumb","itemListElement":[{"@type":"ListItem","position":1,"name":"Portada","item":"https:\/\/metamorfica.info\/"},{"@type":"ListItem","position":2,"name":"LA EXTINCI\u00d3N DE LAS ABEJAS"}]},{"@type":"WebSite","@id":"https:\/\/metamorfica.info\/#website","url":"https:\/\/metamorfica.info\/","name":"Metam\u00f3rfica","description":"\u00bfSabremos adaptarnos a los cambios de nuestro planeta?","publisher":{"@id":"https:\/\/metamorfica.info\/#\/schema\/person\/80b1d759d3d5c01d4073b6a361fde0d4"},"potentialAction":[{"@type":"SearchAction","target":{"@type":"EntryPoint","urlTemplate":"https:\/\/metamorfica.info\/?s={search_term_string}"},"query-input":{"@type":"PropertyValueSpecification","valueRequired":true,"valueName":"search_term_string"}}],"inLanguage":"es"},{"@type":["Person","Organization"],"@id":"https:\/\/metamorfica.info\/#\/schema\/person\/80b1d759d3d5c01d4073b6a361fde0d4","name":"Carolina","image":{"@type":"ImageObject","inLanguage":"es","@id":"https:\/\/metamorfica.info\/#\/schema\/person\/image\/","url":"https:\/\/metamorfica.info\/wp-content\/uploads\/2021\/03\/MetamoI\u0081rfica-Home.png","contentUrl":"https:\/\/metamorfica.info\/wp-content\/uploads\/2021\/03\/MetamoI\u0081rfica-Home.png","width":1064,"height":454,"caption":"Carolina"},"logo":{"@id":"https:\/\/metamorfica.info\/#\/schema\/person\/image\/"},"description":"Educadora ambiental que descubri\u00f3 que ning\u00fan cambio es perdurable si no se inicia desde la coherencia entre pensamiento-palabra-emoci\u00f3n-accion.","sameAs":["http:\/\/www.metamorfica.info","https:\/\/x.com\/Carolinametamorfica"],"url":"https:\/\/metamorfica.info\/index.php\/author\/carolina\/"}]}},"_links":{"self":[{"href":"https:\/\/metamorfica.info\/index.php\/wp-json\/wp\/v2\/posts\/4154","targetHints":{"allow":["GET"]}}],"collection":[{"href":"https:\/\/metamorfica.info\/index.php\/wp-json\/wp\/v2\/posts"}],"about":[{"href":"https:\/\/metamorfica.info\/index.php\/wp-json\/wp\/v2\/types\/post"}],"author":[{"embeddable":true,"href":"https:\/\/metamorfica.info\/index.php\/wp-json\/wp\/v2\/users\/2"}],"replies":[{"embeddable":true,"href":"https:\/\/metamorfica.info\/index.php\/wp-json\/wp\/v2\/comments?post=4154"}],"version-history":[{"count":24,"href":"https:\/\/metamorfica.info\/index.php\/wp-json\/wp\/v2\/posts\/4154\/revisions"}],"predecessor-version":[{"id":4310,"href":"https:\/\/metamorfica.info\/index.php\/wp-json\/wp\/v2\/posts\/4154\/revisions\/4310"}],"wp:featuredmedia":[{"embeddable":true,"href":"https:\/\/metamorfica.info\/index.php\/wp-json\/wp\/v2\/media\/4158"}],"wp:attachment":[{"href":"https:\/\/metamorfica.info\/index.php\/wp-json\/wp\/v2\/media?parent=4154"}],"wp:term":[{"taxonomy":"category","embeddable":true,"href":"https:\/\/metamorfica.info\/index.php\/wp-json\/wp\/v2\/categories?post=4154"},{"taxonomy":"post_tag","embeddable":true,"href":"https:\/\/metamorfica.info\/index.php\/wp-json\/wp\/v2\/tags?post=4154"}],"curies":[{"name":"wp","href":"https:\/\/api.w.org\/{rel}","templated":true}]}}