{"id":1147,"date":"2024-07-01T15:51:00","date_gmt":"2024-07-01T13:51:00","guid":{"rendered":"https:\/\/concienciaccion.dynu.com\/?p=1147"},"modified":"2024-07-18T14:37:38","modified_gmt":"2024-07-18T12:37:38","slug":"emergencia-climatica","status":"publish","type":"post","link":"https:\/\/metamorfica.info\/index.php\/2024\/07\/01\/emergencia-climatica\/","title":{"rendered":"EMERGENCIA CLIM\u00c1TICA"},"content":{"rendered":"\n<p class=\"has-text-align-center has-medium-font-size\">Dos palabras que al leerlas juntas hacen aparecer en nuestra cabeza im\u00e1genes y en nuestro cuerpo despiertan sensaciones, quiz\u00e1 en el pecho, quiz\u00e1 en el est\u00f3mago&#8230;<\/p>\n\n\n\n<p class=\"has-normal-font-size\">Se nos ha activado una reacci\u00f3n ante una amenaza que aunque no estamos viviendo en ese preciso instante (si est\u00e1s leyendo esto en un sitio tranquilo, levanta la vista un momento y comprueba que no hay llamaradas a tu alrededor, ni gente corriendo despavorida, ni nada que de se\u00f1ales de que algo peligroso est\u00e1 sucediendo), sin embargo nuestro cuerpo se ha puesto en situaci\u00f3n de alarma.<\/p>\n\n\n\n<p class=\"has-normal-font-size\">Estas situaci\u00f3n de alarma dispara nuestras hormonas de estr\u00e9s para que nuestro cuerpo pueda hacer tres cosas y salvarse:<\/p>\n\n\n\n<ul class=\"wp-block-list\"><li>Huir<\/li><li>Luchar<\/li><li>Esconderse <\/li><\/ul>\n\n\n\n<figure class=\"wp-block-image is-style-default\"><img decoding=\"async\" src=\"https:\/\/ichef.bbci.co.uk\/news\/976\/cpsprodpb\/11A0A\/production\/_109220227_body_yongqing-bao.jpg\" alt=\"Ganador principal\"\/><figcaption><strong>Yongqing Bao<\/strong>, es el autor y ganador del galard\u00f3n principal en el concurso Fot\u00f3grafo de Vida Silvestre del A\u00f1o, 2019<\/figcaption><\/figure>\n\n\n\n<p class=\"has-normal-font-size\">Ambas son respuestas biol\u00f3gicas, estrategias que compartimos con otros seres vivos que nos permiten salvar el pellejo cuando no hay tiempo para desarrollar un plan l\u00f3gico elaborado. Nos guste o no seguimos siendo animales por mucho que tratemos de diferenciarnos de ellos, y gracias a esas estrategias hemos llegado a donde estamos&#8230; No es muy <em>\u00absapiens\u00bb<\/em> (capacidad de pensar) menospreciarlas.<\/p>\n\n\n\n<p class=\"has-normal-font-size\">Sin embargo, hay veces que juegan en nuestra contra. Sobre todo cuando no las revisamos y dejamos que tomen el control ante situaciones que para nada son reales en el presente y quiz\u00e1 nunca en un futuro. <\/p>\n\n\n\n<p class=\"has-text-align-center has-normal-font-size\">\u00bf POR QU\u00c9 TOMAN EL CONTROL?<\/p>\n\n\n\n<p class=\"has-normal-font-size\">La intensidad de carga emocional con la que vivimos un suceso o nos proyectamos en un futuro es la que desencadena una serie de respuestas que nos pongan \u00aba salvo\u00bb. <\/p>\n\n\n\n<p class=\"has-normal-font-size\">En una parte de nuestra mente se almacenan todas las situaciones en las que nos hemos sentido en peligro, amenazad@s y la soluci\u00f3n o acci\u00f3n que emprendimos para salir airos@s (lo que no quiere decir que fuera la mejor, sino la m\u00e1s r\u00e1pida).<\/p>\n\n\n\n<p class=\"has-normal-font-size\">Cuando  percibimos una situaci\u00f3n de peligro nuestro cerebro racional deja de recibir el aporte total de sangre y \u00e9sta se desv\u00eda a la parte de nuestro cerebro irracional, en el que est\u00e1n guardadas todas las situaciones de amenaza antes vividas. En d\u00e9cimas de segundo  revisa todas las situaciones de carga emocional similar y la respuesta que se efectu\u00f3.  Autom\u00e1ticamente, sin pararse a analizar nada m\u00e1s de la situaci\u00f3n presente, la ejecuta tal como fue en aquel entonces. En este punto es imposible que alguien consiga hacernos cambiar de parecer o razonar con nosotros, la respuesta hormonal es tan fuerte y la sensaci\u00f3n de amenaza tan intensa que hasta que no se siente uno fuera de peligro no deja de activarse repetidamente la misma respuesta.<\/p>\n\n\n\n<p class=\"has-normal-font-size\">Pues as\u00ed actuamos en un 90% de las situaciones de nuestro d\u00eda a d\u00eda, aumentando con cada nueva situaci\u00f3n, real o imaginada, nuestra base de datos para futuras crisis.<\/p>\n\n\n\n<p class=\"has-normal-font-size\">Una amenaza puede ser desde el Cambio Clim\u00e1tico, pasando por que te despidan o incluso, que tu mejor amig@ se olvide de tu cumplea\u00f1os o no te felicite en el momento preciso que tu consideras que tend\u00eda que haberlo hecho. <\/p>\n\n\n\n<p class=\"has-normal-font-size\">De esta manera el d\u00eda a d\u00eda que llevamos no es tan consciente como creemos. Constantemente estamos reaccionando a amenazas fantasma que nos recuerdan alguna cosa de nuestro pasado, luchando o huyendo de las situaciones.<\/p>\n\n\n\n<p class=\"has-normal-font-size\">Pero hay una tercera opci\u00f3n, entrar en par\u00e1lisis, esconderse. Para ejemplo la avestruz ( aunque con matices&#8230; ya que aunque ampliamente se cree que mete la cabeza en la tierra cuando se siente amenazada, no es del todo cierto. Lo que hace es bajar la cabeza todo lo que puede hasta el suelo para no llamar la atenci\u00f3n del depredador por su largo cuello). No hacer nada es una estrategia que le sirve a muchos animales, que se hacen los muertos para evitar ser cazados o que les coman directamente. Aqu\u00ed delegamos completamente la soluci\u00f3n a nuestro depredador o agente amenazante, esperando a que todo pase y poder seguir tranquilamente nuestro camino si nos hemos librado de ser reconocid@s.<\/p>\n\n\n\n<p class=\"has-normal-font-size\">Enzarzad@s en este c\u00f3ctel de hormonas y de intensidad emocional somos incapaces de crear soluciones racionales duraderas y efectivas a los grandes problemas que nos afectan a tod@s.<\/p>\n\n\n\n<p class=\"has-normal-font-size\">Afortunadamente hay herramientas para bajar la intensidad emocional ante las amenazas y permitirnos hacer gala de nuestro apellido, siendo un poco m\u00e1s <em>\u00absapiens\u00bb<\/em> cada vez.<\/p>\n\n\n\n<p class=\"has-text-align-center has-normal-font-size\"><strong>Desde METAMORFICA las trabajamos y aprendemos a utilizarlas para superar patrones y creencias limitantes que condicionan nuestra vida. En cada una de las actividades nos liberamos de los mecanismos de defensa que ya no nos son \u00fatiles en nuestro presente y las transformamos en estrategias que protegen la Vida del planeta, de nosotr@s mism@s y de los que heredar\u00e1n la Tierra.<\/strong><\/p>\n\n\n\n<p><\/p>\n\n\n\n<p><\/p>\n","protected":false},"excerpt":{"rendered":"<p>Dos palabras que al leerlas juntas hacen aparecer en nuestra cabeza im\u00e1genes y en nuestro cuerpo despiertan sensaciones, quiz\u00e1 en el pecho, quiz\u00e1 en el [&hellip;]<\/p>\n","protected":false},"author":2,"featured_media":0,"comment_status":"open","ping_status":"open","sticky":false,"template":"","format":"standard","meta":{"_bbp_topic_count":0,"_bbp_reply_count":0,"_bbp_total_topic_count":0,"_bbp_total_reply_count":0,"_bbp_voice_count":0,"_bbp_anonymous_reply_count":0,"_bbp_topic_count_hidden":0,"_bbp_reply_count_hidden":0,"_bbp_forum_subforum_count":0,"footnotes":""},"categories":[65],"tags":[70,48,69,67,77,73,66,72,68,14,76,71,74,75],"class_list":["post-1147","post","type-post","status-publish","format-standard","hentry","category-crisis-climatica","tag-activismo-ambiental","tag-cambio-climatico","tag-consumo-responsable","tag-crisis-climatica","tag-crisis-economica","tag-ecopsicologia","tag-emergencia-climatica","tag-gestion-emocional","tag-metamorfica","tag-naturaleza","tag-planeta","tag-psicologia","tag-psicologia-energetica","tag-terapia-natural"],"yoast_head":"<!-- This site is optimized with the Yoast SEO plugin v23.9 - https:\/\/yoast.com\/wordpress\/plugins\/seo\/ -->\n<title>EMERGENCIA CLIM\u00c1TICA - Metam\u00f3rfica<\/title>\n<meta name=\"robots\" content=\"index, follow, max-snippet:-1, max-image-preview:large, max-video-preview:-1\" \/>\n<link rel=\"canonical\" href=\"https:\/\/metamorfica.info\/index.php\/2024\/07\/01\/emergencia-climatica\/\" \/>\n<meta property=\"og:locale\" content=\"es_ES\" \/>\n<meta property=\"og:type\" content=\"article\" \/>\n<meta property=\"og:title\" content=\"EMERGENCIA CLIM\u00c1TICA - Metam\u00f3rfica\" \/>\n<meta property=\"og:description\" content=\"Dos palabras que al leerlas juntas hacen aparecer en nuestra cabeza im\u00e1genes y en nuestro cuerpo despiertan sensaciones, quiz\u00e1 en el pecho, quiz\u00e1 en el [&hellip;]\" \/>\n<meta property=\"og:url\" content=\"https:\/\/metamorfica.info\/index.php\/2024\/07\/01\/emergencia-climatica\/\" \/>\n<meta property=\"og:site_name\" content=\"Metam\u00f3rfica\" \/>\n<meta property=\"article:published_time\" content=\"2024-07-01T13:51:00+00:00\" \/>\n<meta property=\"article:modified_time\" content=\"2024-07-18T12:37:38+00:00\" \/>\n<meta property=\"og:image\" content=\"https:\/\/metamorfica.info\/wp-content\/uploads\/2019\/07\/PAJARO-TIGRE.jpg\" \/>\n\t<meta property=\"og:image:width\" content=\"960\" \/>\n\t<meta property=\"og:image:height\" content=\"644\" \/>\n\t<meta property=\"og:image:type\" content=\"image\/jpeg\" \/>\n<meta name=\"author\" content=\"Carolina\" \/>\n<meta name=\"twitter:card\" content=\"summary_large_image\" \/>\n<meta name=\"twitter:creator\" content=\"@Carolinametamorfica\" \/>\n<meta name=\"twitter:site\" content=\"@Carolinametamorfica\" \/>\n<meta name=\"twitter:label1\" content=\"Escrito por\" \/>\n\t<meta name=\"twitter:data1\" content=\"Carolina\" \/>\n\t<meta name=\"twitter:label2\" content=\"Tiempo de lectura\" \/>\n\t<meta name=\"twitter:data2\" content=\"4 minutos\" \/>\n<script type=\"application\/ld+json\" class=\"yoast-schema-graph\">{\"@context\":\"https:\/\/schema.org\",\"@graph\":[{\"@type\":\"Article\",\"@id\":\"https:\/\/metamorfica.info\/index.php\/2024\/07\/01\/emergencia-climatica\/#article\",\"isPartOf\":{\"@id\":\"https:\/\/metamorfica.info\/index.php\/2024\/07\/01\/emergencia-climatica\/\"},\"author\":{\"name\":\"Carolina\",\"@id\":\"https:\/\/metamorfica.info\/#\/schema\/person\/80b1d759d3d5c01d4073b6a361fde0d4\"},\"headline\":\"EMERGENCIA CLIM\u00c1TICA\",\"datePublished\":\"2024-07-01T13:51:00+00:00\",\"dateModified\":\"2024-07-18T12:37:38+00:00\",\"mainEntityOfPage\":{\"@id\":\"https:\/\/metamorfica.info\/index.php\/2024\/07\/01\/emergencia-climatica\/\"},\"wordCount\":817,\"commentCount\":0,\"publisher\":{\"@id\":\"https:\/\/metamorfica.info\/#\/schema\/person\/80b1d759d3d5c01d4073b6a361fde0d4\"},\"image\":{\"@id\":\"https:\/\/metamorfica.info\/index.php\/2024\/07\/01\/emergencia-climatica\/#primaryimage\"},\"thumbnailUrl\":\"https:\/\/ichef.bbci.co.uk\/news\/976\/cpsprodpb\/11A0A\/production\/_109220227_body_yongqing-bao.jpg\",\"keywords\":[\"activismo ambiental\",\"cambio climatico\",\"consumo responsable\",\"crisis climatica\",\"crisis econ\u00f3mica\",\"ecopsicolog\u00eda\",\"emergencia climatica\",\"gesti\u00f3n emocional\",\"metam\u00f3rfica\",\"naturaleza\",\"planeta\",\"psicolog\u00eda\",\"psicologia energ\u00e9tica\",\"terapia natural\"],\"articleSection\":[\"Crisis Clim\u00e1tica\"],\"inLanguage\":\"es\",\"potentialAction\":[{\"@type\":\"CommentAction\",\"name\":\"Comment\",\"target\":[\"https:\/\/metamorfica.info\/index.php\/2024\/07\/01\/emergencia-climatica\/#respond\"]}]},{\"@type\":\"WebPage\",\"@id\":\"https:\/\/metamorfica.info\/index.php\/2024\/07\/01\/emergencia-climatica\/\",\"url\":\"https:\/\/metamorfica.info\/index.php\/2024\/07\/01\/emergencia-climatica\/\",\"name\":\"EMERGENCIA CLIM\u00c1TICA - Metam\u00f3rfica\",\"isPartOf\":{\"@id\":\"https:\/\/metamorfica.info\/#website\"},\"primaryImageOfPage\":{\"@id\":\"https:\/\/metamorfica.info\/index.php\/2024\/07\/01\/emergencia-climatica\/#primaryimage\"},\"image\":{\"@id\":\"https:\/\/metamorfica.info\/index.php\/2024\/07\/01\/emergencia-climatica\/#primaryimage\"},\"thumbnailUrl\":\"https:\/\/ichef.bbci.co.uk\/news\/976\/cpsprodpb\/11A0A\/production\/_109220227_body_yongqing-bao.jpg\",\"datePublished\":\"2024-07-01T13:51:00+00:00\",\"dateModified\":\"2024-07-18T12:37:38+00:00\",\"breadcrumb\":{\"@id\":\"https:\/\/metamorfica.info\/index.php\/2024\/07\/01\/emergencia-climatica\/#breadcrumb\"},\"inLanguage\":\"es\",\"potentialAction\":[{\"@type\":\"ReadAction\",\"target\":[\"https:\/\/metamorfica.info\/index.php\/2024\/07\/01\/emergencia-climatica\/\"]}]},{\"@type\":\"ImageObject\",\"inLanguage\":\"es\",\"@id\":\"https:\/\/metamorfica.info\/index.php\/2024\/07\/01\/emergencia-climatica\/#primaryimage\",\"url\":\"https:\/\/ichef.bbci.co.uk\/news\/976\/cpsprodpb\/11A0A\/production\/_109220227_body_yongqing-bao.jpg\",\"contentUrl\":\"https:\/\/ichef.bbci.co.uk\/news\/976\/cpsprodpb\/11A0A\/production\/_109220227_body_yongqing-bao.jpg\"},{\"@type\":\"BreadcrumbList\",\"@id\":\"https:\/\/metamorfica.info\/index.php\/2024\/07\/01\/emergencia-climatica\/#breadcrumb\",\"itemListElement\":[{\"@type\":\"ListItem\",\"position\":1,\"name\":\"Portada\",\"item\":\"https:\/\/metamorfica.info\/\"},{\"@type\":\"ListItem\",\"position\":2,\"name\":\"EMERGENCIA CLIM\u00c1TICA\"}]},{\"@type\":\"WebSite\",\"@id\":\"https:\/\/metamorfica.info\/#website\",\"url\":\"https:\/\/metamorfica.info\/\",\"name\":\"Metam\u00f3rfica\",\"description\":\"\u00bfSabremos adaptarnos a los cambios de nuestro planeta?\",\"publisher\":{\"@id\":\"https:\/\/metamorfica.info\/#\/schema\/person\/80b1d759d3d5c01d4073b6a361fde0d4\"},\"potentialAction\":[{\"@type\":\"SearchAction\",\"target\":{\"@type\":\"EntryPoint\",\"urlTemplate\":\"https:\/\/metamorfica.info\/?s={search_term_string}\"},\"query-input\":{\"@type\":\"PropertyValueSpecification\",\"valueRequired\":true,\"valueName\":\"search_term_string\"}}],\"inLanguage\":\"es\"},{\"@type\":[\"Person\",\"Organization\"],\"@id\":\"https:\/\/metamorfica.info\/#\/schema\/person\/80b1d759d3d5c01d4073b6a361fde0d4\",\"name\":\"Carolina\",\"image\":{\"@type\":\"ImageObject\",\"inLanguage\":\"es\",\"@id\":\"https:\/\/metamorfica.info\/#\/schema\/person\/image\/\",\"url\":\"https:\/\/metamorfica.info\/wp-content\/uploads\/2021\/03\/MetamoI\u0081rfica-Home.png\",\"contentUrl\":\"https:\/\/metamorfica.info\/wp-content\/uploads\/2021\/03\/MetamoI\u0081rfica-Home.png\",\"width\":1064,\"height\":454,\"caption\":\"Carolina\"},\"logo\":{\"@id\":\"https:\/\/metamorfica.info\/#\/schema\/person\/image\/\"},\"description\":\"Educadora ambiental que descubri\u00f3 que ning\u00fan cambio es perdurable si no se inicia desde la coherencia entre pensamiento-palabra-emoci\u00f3n-accion.\",\"sameAs\":[\"http:\/\/www.metamorfica.info\",\"https:\/\/x.com\/Carolinametamorfica\"],\"url\":\"https:\/\/metamorfica.info\/index.php\/author\/carolina\/\"}]}<\/script>\n<!-- \/ Yoast SEO plugin. -->","yoast_head_json":{"title":"EMERGENCIA CLIM\u00c1TICA - Metam\u00f3rfica","robots":{"index":"index","follow":"follow","max-snippet":"max-snippet:-1","max-image-preview":"max-image-preview:large","max-video-preview":"max-video-preview:-1"},"canonical":"https:\/\/metamorfica.info\/index.php\/2024\/07\/01\/emergencia-climatica\/","og_locale":"es_ES","og_type":"article","og_title":"EMERGENCIA CLIM\u00c1TICA - Metam\u00f3rfica","og_description":"Dos palabras que al leerlas juntas hacen aparecer en nuestra cabeza im\u00e1genes y en nuestro cuerpo despiertan sensaciones, quiz\u00e1 en el pecho, quiz\u00e1 en el [&hellip;]","og_url":"https:\/\/metamorfica.info\/index.php\/2024\/07\/01\/emergencia-climatica\/","og_site_name":"Metam\u00f3rfica","article_published_time":"2024-07-01T13:51:00+00:00","article_modified_time":"2024-07-18T12:37:38+00:00","og_image":[{"width":960,"height":644,"url":"https:\/\/metamorfica.info\/wp-content\/uploads\/2019\/07\/PAJARO-TIGRE.jpg","type":"image\/jpeg"}],"author":"Carolina","twitter_card":"summary_large_image","twitter_creator":"@Carolinametamorfica","twitter_site":"@Carolinametamorfica","twitter_misc":{"Escrito por":"Carolina","Tiempo de lectura":"4 minutos"},"schema":{"@context":"https:\/\/schema.org","@graph":[{"@type":"Article","@id":"https:\/\/metamorfica.info\/index.php\/2024\/07\/01\/emergencia-climatica\/#article","isPartOf":{"@id":"https:\/\/metamorfica.info\/index.php\/2024\/07\/01\/emergencia-climatica\/"},"author":{"name":"Carolina","@id":"https:\/\/metamorfica.info\/#\/schema\/person\/80b1d759d3d5c01d4073b6a361fde0d4"},"headline":"EMERGENCIA CLIM\u00c1TICA","datePublished":"2024-07-01T13:51:00+00:00","dateModified":"2024-07-18T12:37:38+00:00","mainEntityOfPage":{"@id":"https:\/\/metamorfica.info\/index.php\/2024\/07\/01\/emergencia-climatica\/"},"wordCount":817,"commentCount":0,"publisher":{"@id":"https:\/\/metamorfica.info\/#\/schema\/person\/80b1d759d3d5c01d4073b6a361fde0d4"},"image":{"@id":"https:\/\/metamorfica.info\/index.php\/2024\/07\/01\/emergencia-climatica\/#primaryimage"},"thumbnailUrl":"https:\/\/ichef.bbci.co.uk\/news\/976\/cpsprodpb\/11A0A\/production\/_109220227_body_yongqing-bao.jpg","keywords":["activismo ambiental","cambio climatico","consumo responsable","crisis climatica","crisis econ\u00f3mica","ecopsicolog\u00eda","emergencia climatica","gesti\u00f3n emocional","metam\u00f3rfica","naturaleza","planeta","psicolog\u00eda","psicologia energ\u00e9tica","terapia natural"],"articleSection":["Crisis Clim\u00e1tica"],"inLanguage":"es","potentialAction":[{"@type":"CommentAction","name":"Comment","target":["https:\/\/metamorfica.info\/index.php\/2024\/07\/01\/emergencia-climatica\/#respond"]}]},{"@type":"WebPage","@id":"https:\/\/metamorfica.info\/index.php\/2024\/07\/01\/emergencia-climatica\/","url":"https:\/\/metamorfica.info\/index.php\/2024\/07\/01\/emergencia-climatica\/","name":"EMERGENCIA CLIM\u00c1TICA - Metam\u00f3rfica","isPartOf":{"@id":"https:\/\/metamorfica.info\/#website"},"primaryImageOfPage":{"@id":"https:\/\/metamorfica.info\/index.php\/2024\/07\/01\/emergencia-climatica\/#primaryimage"},"image":{"@id":"https:\/\/metamorfica.info\/index.php\/2024\/07\/01\/emergencia-climatica\/#primaryimage"},"thumbnailUrl":"https:\/\/ichef.bbci.co.uk\/news\/976\/cpsprodpb\/11A0A\/production\/_109220227_body_yongqing-bao.jpg","datePublished":"2024-07-01T13:51:00+00:00","dateModified":"2024-07-18T12:37:38+00:00","breadcrumb":{"@id":"https:\/\/metamorfica.info\/index.php\/2024\/07\/01\/emergencia-climatica\/#breadcrumb"},"inLanguage":"es","potentialAction":[{"@type":"ReadAction","target":["https:\/\/metamorfica.info\/index.php\/2024\/07\/01\/emergencia-climatica\/"]}]},{"@type":"ImageObject","inLanguage":"es","@id":"https:\/\/metamorfica.info\/index.php\/2024\/07\/01\/emergencia-climatica\/#primaryimage","url":"https:\/\/ichef.bbci.co.uk\/news\/976\/cpsprodpb\/11A0A\/production\/_109220227_body_yongqing-bao.jpg","contentUrl":"https:\/\/ichef.bbci.co.uk\/news\/976\/cpsprodpb\/11A0A\/production\/_109220227_body_yongqing-bao.jpg"},{"@type":"BreadcrumbList","@id":"https:\/\/metamorfica.info\/index.php\/2024\/07\/01\/emergencia-climatica\/#breadcrumb","itemListElement":[{"@type":"ListItem","position":1,"name":"Portada","item":"https:\/\/metamorfica.info\/"},{"@type":"ListItem","position":2,"name":"EMERGENCIA CLIM\u00c1TICA"}]},{"@type":"WebSite","@id":"https:\/\/metamorfica.info\/#website","url":"https:\/\/metamorfica.info\/","name":"Metam\u00f3rfica","description":"\u00bfSabremos adaptarnos a los cambios de nuestro planeta?","publisher":{"@id":"https:\/\/metamorfica.info\/#\/schema\/person\/80b1d759d3d5c01d4073b6a361fde0d4"},"potentialAction":[{"@type":"SearchAction","target":{"@type":"EntryPoint","urlTemplate":"https:\/\/metamorfica.info\/?s={search_term_string}"},"query-input":{"@type":"PropertyValueSpecification","valueRequired":true,"valueName":"search_term_string"}}],"inLanguage":"es"},{"@type":["Person","Organization"],"@id":"https:\/\/metamorfica.info\/#\/schema\/person\/80b1d759d3d5c01d4073b6a361fde0d4","name":"Carolina","image":{"@type":"ImageObject","inLanguage":"es","@id":"https:\/\/metamorfica.info\/#\/schema\/person\/image\/","url":"https:\/\/metamorfica.info\/wp-content\/uploads\/2021\/03\/MetamoI\u0081rfica-Home.png","contentUrl":"https:\/\/metamorfica.info\/wp-content\/uploads\/2021\/03\/MetamoI\u0081rfica-Home.png","width":1064,"height":454,"caption":"Carolina"},"logo":{"@id":"https:\/\/metamorfica.info\/#\/schema\/person\/image\/"},"description":"Educadora ambiental que descubri\u00f3 que ning\u00fan cambio es perdurable si no se inicia desde la coherencia entre pensamiento-palabra-emoci\u00f3n-accion.","sameAs":["http:\/\/www.metamorfica.info","https:\/\/x.com\/Carolinametamorfica"],"url":"https:\/\/metamorfica.info\/index.php\/author\/carolina\/"}]}},"_links":{"self":[{"href":"https:\/\/metamorfica.info\/index.php\/wp-json\/wp\/v2\/posts\/1147","targetHints":{"allow":["GET"]}}],"collection":[{"href":"https:\/\/metamorfica.info\/index.php\/wp-json\/wp\/v2\/posts"}],"about":[{"href":"https:\/\/metamorfica.info\/index.php\/wp-json\/wp\/v2\/types\/post"}],"author":[{"embeddable":true,"href":"https:\/\/metamorfica.info\/index.php\/wp-json\/wp\/v2\/users\/2"}],"replies":[{"embeddable":true,"href":"https:\/\/metamorfica.info\/index.php\/wp-json\/wp\/v2\/comments?post=1147"}],"version-history":[{"count":22,"href":"https:\/\/metamorfica.info\/index.php\/wp-json\/wp\/v2\/posts\/1147\/revisions"}],"predecessor-version":[{"id":2742,"href":"https:\/\/metamorfica.info\/index.php\/wp-json\/wp\/v2\/posts\/1147\/revisions\/2742"}],"wp:attachment":[{"href":"https:\/\/metamorfica.info\/index.php\/wp-json\/wp\/v2\/media?parent=1147"}],"wp:term":[{"taxonomy":"category","embeddable":true,"href":"https:\/\/metamorfica.info\/index.php\/wp-json\/wp\/v2\/categories?post=1147"},{"taxonomy":"post_tag","embeddable":true,"href":"https:\/\/metamorfica.info\/index.php\/wp-json\/wp\/v2\/tags?post=1147"}],"curies":[{"name":"wp","href":"https:\/\/api.w.org\/{rel}","templated":true}]}}